{"id":495,"date":"2022-08-29T22:13:48","date_gmt":"2022-08-29T22:13:48","guid":{"rendered":"https:\/\/camposerranoradio.com\/home\/?p=495"},"modified":"2022-08-29T22:13:49","modified_gmt":"2022-08-29T22:13:49","slug":"dos-deportistas-del-club-ruedas-de-fuego-participaran-para-federarse-en-nacional-de-patinaje","status":"publish","type":"post","link":"https:\/\/camposerranoradio.com\/home\/2022\/08\/29\/dos-deportistas-del-club-ruedas-de-fuego-participaran-para-federarse-en-nacional-de-patinaje\/","title":{"rendered":"Dos deportistas del Club Ruedas de fuego participar\u00e1n para federarse en Nacional de Patinaje"},"content":{"rendered":"\n<p class=\"wp-block-paragraph\">Desde el pasado jueves 7 de abril y hasta el domingo 10 del mismo mes, los deportistas del club ruedas de fuego, Jhon Andr\u00e9s Albarino P\u00e9rez de 22 a\u00f1os en la categor\u00eda mayores y Sof\u00eda Caicedo Santos de 17 a\u00f1os categor\u00eda Juvenil, participar\u00e1n en la sexta v\u00e1lida nacional puntuable interclubes en la ciudad de Santa Marta.<\/p>\n\n\n\n<p class=\"wp-block-paragraph\">&nbsp;&nbsp;&nbsp; Estos j\u00f3venes buscan federarse y demostrar todas sus habilidades en el patinaje de velocidad.<\/p>\n\n\n\n<p class=\"wp-block-paragraph\">&nbsp;&nbsp;&nbsp; Eliminaci\u00f3n 5 mil metros, mil metros bater\u00edas y Mil metros y meta contra meta son algunas de las pruebas que tendr\u00e1n que realizar estos patinadores aguachiquenses.<\/p>\n\n\n\n<p class=\"wp-block-paragraph\">&nbsp;&nbsp;&nbsp; Es de anotar que los gastos de estos deportistas son recursos del club y recursos propios, ante la falta de apoyo del ente deportivo municipal.<\/p>\n\n\n\n<p class=\"wp-block-paragraph\">\u00a0\u00a0 Los patinadores viajaron a este certamen acompa\u00f1ados del delegado entrenador Andr\u00e9s Orozco.<\/p>\n\n\n\n<figure class=\"wp-block-image size-full\"><img decoding=\"async\" src=\"https:\/\/camposerranoradio.com\/home\/wp-content\/uploads\/2022\/08\/Jhon-Andres-Albarino-Perez-Sofia-Caicedo-Santos-Andres-Orozco.jpg\" alt=\"\" class=\"wp-image-496\"\/><\/figure>\n\n\n\n<p class=\"wp-block-paragraph\"><a href=\"https:\/\/elnuevosur.com\/2022\/04\/07\/dos-deportistas-del-club-ruedas-de-fuego-participaran-para-federarse-en-nacional-de-patinaje\/\"><\/a><\/p>\n","protected":false},"excerpt":{"rendered":"<p>Desde el pasado jueves 7 de abril y hasta el domingo 10 del mismo mes, los deportistas del club ruedas de fuego, Jhon Andr\u00e9s Albarino P\u00e9rez de 22 a\u00f1os en la categor\u00eda mayores y Sof\u00eda Caicedo Santos de 17 a\u00f1os categor\u00eda Juvenil, participar\u00e1n en la sexta v\u00e1lida nacional puntuable interclubes en la ciudad de Santa [&hellip;]<\/p>\n","protected":false},"author":1,"featured_media":0,"comment_status":"open","ping_status":"open","sticky":false,"template":"","format":"standard","meta":{"footnotes":""},"categories":[15,11,13],"tags":[],"class_list":["post-495","post","type-post","status-publish","format-standard","hentry","category-deportes","category-local","category-news"],"_links":{"self":[{"href":"https:\/\/camposerranoradio.com\/home\/wp-json\/wp\/v2\/posts\/495","targetHints":{"allow":["GET"]}}],"collection":[{"href":"https:\/\/camposerranoradio.com\/home\/wp-json\/wp\/v2\/posts"}],"about":[{"href":"https:\/\/camposerranoradio.com\/home\/wp-json\/wp\/v2\/types\/post"}],"author":[{"embeddable":true,"href":"https:\/\/camposerranoradio.com\/home\/wp-json\/wp\/v2\/users\/1"}],"replies":[{"embeddable":true,"href":"https:\/\/camposerranoradio.com\/home\/wp-json\/wp\/v2\/comments?post=495"}],"version-history":[{"count":1,"href":"https:\/\/camposerranoradio.com\/home\/wp-json\/wp\/v2\/posts\/495\/revisions"}],"predecessor-version":[{"id":497,"href":"https:\/\/camposerranoradio.com\/home\/wp-json\/wp\/v2\/posts\/495\/revisions\/497"}],"wp:attachment":[{"href":"https:\/\/camposerranoradio.com\/home\/wp-json\/wp\/v2\/media?parent=495"}],"wp:term":[{"taxonomy":"category","embeddable":true,"href":"https:\/\/camposerranoradio.com\/home\/wp-json\/wp\/v2\/categories?post=495"},{"taxonomy":"post_tag","embeddable":true,"href":"https:\/\/camposerranoradio.com\/home\/wp-json\/wp\/v2\/tags?post=495"}],"curies":[{"name":"wp","href":"https:\/\/api.w.org\/{rel}","templated":true}]}}