{"id":516,"date":"2022-08-29T22:20:32","date_gmt":"2022-08-29T22:20:32","guid":{"rendered":"https:\/\/camposerranoradio.com\/home\/?p=516"},"modified":"2022-08-29T22:20:33","modified_gmt":"2022-08-29T22:20:33","slug":"festival-nacional-de-la-tambora-y-la-guacherna-de-tamalameque-declarado-patrimonio-cultural-de-la-nacion","status":"publish","type":"post","link":"https:\/\/camposerranoradio.com\/home\/2022\/08\/29\/festival-nacional-de-la-tambora-y-la-guacherna-de-tamalameque-declarado-patrimonio-cultural-de-la-nacion\/","title":{"rendered":"Festival Nacional de la Tambora y la Guacherna de Tamalameque declarado Patrimonio Cultural de la Naci\u00f3n"},"content":{"rendered":"\n<p class=\"wp-block-paragraph\">&nbsp;&nbsp;&nbsp;&nbsp; A trav\u00e9s de la ley 2260 del 19 de julio de 2022 el Congreso de Colombia declar\u00f3 Patrimonio Cultural de la Naci\u00f3n, el Festival Nacional de la Tambora y la Guacherna en el municipio de Tamalameque en el departamento del Cesar y exalta sus 37 a\u00f1os de existencia.<\/p>\n\n\n\n<p class=\"wp-block-paragraph\">&nbsp;&nbsp;&nbsp;&nbsp; Con esta declaraci\u00f3n se busca contribuir a la difusi\u00f3n y conservaci\u00f3n de las expresiones art\u00edsticas del baile de la tambora y se autoriza al Ministerio de Cultura en coordinaci\u00f3n con el municipio de Tamalameque, para unificar acciones que permitan la internacionalizaci\u00f3n, promoci\u00f3n, divulgaci\u00f3n, financiaci\u00f3n y desarrollo de los valores culturales.<\/p>\n\n\n\n<p class=\"wp-block-paragraph\">&nbsp;&nbsp;&nbsp;&nbsp; En su art\u00edculo 5, en la mencionada ley se establece que el gobierno nacional queda autorizado igualmente para impulsar a entidades p\u00fablicas y privadas nacionales o internacionales, la obtenci\u00f3n de recursos econ\u00f3micos adicionales o complementarios a las que se autoricen apropiar en el Presupuesto General de la Naci\u00f3n de cada vigencia fiscal, destinadas al objeto que se refiere la presente ley.<\/p>\n\n\n\n<p class=\"wp-block-paragraph\">&nbsp;&nbsp;&nbsp;&nbsp; Hay que resaltar que este festival tiene como objetivo la integraci\u00f3n y rescate de costumbres aut\u00f3ctonas del Caribe colombiano y los pueblos ribere\u00f1os, al son de los cantos, ritmos bailes y etnias.<\/p>\n\n\n\n<p class=\"wp-block-paragraph\"><a rel=\"noreferrer noopener\" target=\"_blank\" href=\"https:\/\/www.facebook.com\/share.php?u=https%3A%2F%2Felnuevosur.com%2F2022%2F07%2F28%2Ffestival-nacional-de-la-tambora-y-la-guacherna-de-tamalameque-declarado-patrimonio-cultural-de-la-nacion%2F\"><\/a><\/p>\n\n\n\n<figure class=\"wp-block-image size-full\"><img decoding=\"async\" src=\"https:\/\/camposerranoradio.com\/home\/wp-content\/uploads\/2022\/08\/Festival-Nacional-de-la-Tambora-y-la-Guacherna-de-Tamalameque-declarado-Patrimonio-Cultural-de-la-Nacion.jpg\" alt=\"\" class=\"wp-image-517\"\/><\/figure>\n\n\n\n<p class=\"wp-block-paragraph\"><a href=\"https:\/\/elnuevosur.com\/2022\/07\/28\/festival-nacional-de-la-tambora-y-la-guacherna-de-tamalameque-declarado-patrimonio-cultural-de-la-nacion\/\"><\/a><\/p>\n","protected":false},"excerpt":{"rendered":"<p>&nbsp;&nbsp;&nbsp;&nbsp; A trav\u00e9s de la ley 2260 del 19 de julio de 2022 el Congreso de Colombia declar\u00f3 Patrimonio Cultural de la Naci\u00f3n, el Festival Nacional de la Tambora y la Guacherna en el municipio de Tamalameque en el departamento del Cesar y exalta sus 37 a\u00f1os de existencia. &nbsp;&nbsp;&nbsp;&nbsp; Con esta declaraci\u00f3n se busca [&hellip;]<\/p>\n","protected":false},"author":1,"featured_media":0,"comment_status":"open","ping_status":"open","sticky":false,"template":"","format":"standard","meta":{"footnotes":""},"categories":[17,13,5],"tags":[],"class_list":["post-516","post","type-post","status-publish","format-standard","hentry","category-nacional","category-news","category-regional"],"_links":{"self":[{"href":"https:\/\/camposerranoradio.com\/home\/wp-json\/wp\/v2\/posts\/516","targetHints":{"allow":["GET"]}}],"collection":[{"href":"https:\/\/camposerranoradio.com\/home\/wp-json\/wp\/v2\/posts"}],"about":[{"href":"https:\/\/camposerranoradio.com\/home\/wp-json\/wp\/v2\/types\/post"}],"author":[{"embeddable":true,"href":"https:\/\/camposerranoradio.com\/home\/wp-json\/wp\/v2\/users\/1"}],"replies":[{"embeddable":true,"href":"https:\/\/camposerranoradio.com\/home\/wp-json\/wp\/v2\/comments?post=516"}],"version-history":[{"count":1,"href":"https:\/\/camposerranoradio.com\/home\/wp-json\/wp\/v2\/posts\/516\/revisions"}],"predecessor-version":[{"id":518,"href":"https:\/\/camposerranoradio.com\/home\/wp-json\/wp\/v2\/posts\/516\/revisions\/518"}],"wp:attachment":[{"href":"https:\/\/camposerranoradio.com\/home\/wp-json\/wp\/v2\/media?parent=516"}],"wp:term":[{"taxonomy":"category","embeddable":true,"href":"https:\/\/camposerranoradio.com\/home\/wp-json\/wp\/v2\/categories?post=516"},{"taxonomy":"post_tag","embeddable":true,"href":"https:\/\/camposerranoradio.com\/home\/wp-json\/wp\/v2\/tags?post=516"}],"curies":[{"name":"wp","href":"https:\/\/api.w.org\/{rel}","templated":true}]}}