{"id":614,"date":"2022-09-21T17:33:15","date_gmt":"2022-09-21T17:33:15","guid":{"rendered":"https:\/\/camposerranoradio.com\/home\/?p=614"},"modified":"2022-09-21T17:33:16","modified_gmt":"2022-09-21T17:33:16","slug":"estudiantes-son-capacitados-en-prevencion-de-embarazos-en-adolescentes","status":"publish","type":"post","link":"https:\/\/camposerranoradio.com\/home\/2022\/09\/21\/estudiantes-son-capacitados-en-prevencion-de-embarazos-en-adolescentes\/","title":{"rendered":"ESTUDIANTES SON CAPACITADOS EN PREVENCI\u00d3N DE EMBARAZOS EN ADOLESCENTES"},"content":{"rendered":"\n<p class=\"wp-block-paragraph\">J\u00f3venes de diferentes instituciones educativas p\u00fablicas del municipio de Aguachica se encuentran recibiendo capacitaci\u00f3n como parte de la celebraci\u00f3n de la Semana Andina de prevenci\u00f3n del embarazo en adolescentes. El d\u00eda de ayer, martes 20 de septiembre, el Hospital Local de Aguachica, desarrollaron parte de la programaci\u00f3n propuesta para la conmemoraci\u00f3n de la semana andina 2022.<\/p>\n\n\n\n<p class=\"wp-block-paragraph\">Con el lema \u00abHablemos claro\u00bb, los entes de salud del municipio, realizaron ayer martes, en el segundo d\u00eda de la celebraci\u00f3n, conferencias educativas dirigidas a los estudiantes de noveno, d\u00e9cimo y once grado de las instituciones educativas Jos\u00e9 Mar\u00eda Campo Serrano y Jorge Eliecer Gait\u00e1n, enfocadas en temas como, qu\u00e9 son los derechos reproductivos, derechos sexuales y sus diferencias, violencia de g\u00e9nero, aceptaci\u00f3n y cuidado del cuerpo, promoviendo de esta manera, una salud sexual responsable y segura, con el objetivo de prevenir embarazos tempranos.<\/p>\n\n\n\n<p class=\"wp-block-paragraph\">Durante la jornada conmemorativa se estar\u00e1n realizando actividades l\u00fadicas y charlas pedag\u00f3gicas en diferentes instituciones urbanas y rurales del municipio. Para el d\u00eda de hoy se tiene previsto realizar una oferta institucional en la Instituci\u00f3n Nuestra Se\u00f1ora del Carmen en conjunto con el ICBF, comisaria de familia, Hospital Local, IPS y EAPB. Ma\u00f1ana jueves las actividades se desplazar\u00e1n para el corregimiento de Noream y posteriormente el viernes 23, se har\u00e1 el cierre en la instituci\u00f3n Jorge Eliecer Gait\u00e1n.<\/p>\n","protected":false},"excerpt":{"rendered":"<p>J\u00f3venes de diferentes instituciones educativas p\u00fablicas del municipio de Aguachica se encuentran recibiendo capacitaci\u00f3n como parte de la celebraci\u00f3n de la Semana Andina de prevenci\u00f3n del embarazo en adolescentes. El d\u00eda de ayer, martes 20 de septiembre, el Hospital Local de Aguachica, desarrollaron parte de la programaci\u00f3n propuesta para la conmemoraci\u00f3n de la semana andina [&hellip;]<\/p>\n","protected":false},"author":3,"featured_media":0,"comment_status":"open","ping_status":"open","sticky":false,"template":"","format":"standard","meta":{"footnotes":""},"categories":[11,13],"tags":[],"class_list":["post-614","post","type-post","status-publish","format-standard","hentry","category-local","category-news"],"_links":{"self":[{"href":"https:\/\/camposerranoradio.com\/home\/wp-json\/wp\/v2\/posts\/614","targetHints":{"allow":["GET"]}}],"collection":[{"href":"https:\/\/camposerranoradio.com\/home\/wp-json\/wp\/v2\/posts"}],"about":[{"href":"https:\/\/camposerranoradio.com\/home\/wp-json\/wp\/v2\/types\/post"}],"author":[{"embeddable":true,"href":"https:\/\/camposerranoradio.com\/home\/wp-json\/wp\/v2\/users\/3"}],"replies":[{"embeddable":true,"href":"https:\/\/camposerranoradio.com\/home\/wp-json\/wp\/v2\/comments?post=614"}],"version-history":[{"count":1,"href":"https:\/\/camposerranoradio.com\/home\/wp-json\/wp\/v2\/posts\/614\/revisions"}],"predecessor-version":[{"id":616,"href":"https:\/\/camposerranoradio.com\/home\/wp-json\/wp\/v2\/posts\/614\/revisions\/616"}],"wp:attachment":[{"href":"https:\/\/camposerranoradio.com\/home\/wp-json\/wp\/v2\/media?parent=614"}],"wp:term":[{"taxonomy":"category","embeddable":true,"href":"https:\/\/camposerranoradio.com\/home\/wp-json\/wp\/v2\/categories?post=614"},{"taxonomy":"post_tag","embeddable":true,"href":"https:\/\/camposerranoradio.com\/home\/wp-json\/wp\/v2\/tags?post=614"}],"curies":[{"name":"wp","href":"https:\/\/api.w.org\/{rel}","templated":true}]}}