{"id":621,"date":"2022-09-21T23:34:53","date_gmt":"2022-09-21T23:34:53","guid":{"rendered":"https:\/\/camposerranoradio.com\/home\/?p=621"},"modified":"2022-09-21T23:34:54","modified_gmt":"2022-09-21T23:34:54","slug":"el-grupo-folclorico-dona-maria-del-corregimiento-de-puerto-patino-participara-en-un-encuentro-nacional-de-danzas","status":"publish","type":"post","link":"https:\/\/camposerranoradio.com\/home\/2022\/09\/21\/el-grupo-folclorico-dona-maria-del-corregimiento-de-puerto-patino-participara-en-un-encuentro-nacional-de-danzas\/","title":{"rendered":"EL GRUPO FOLCL\u00d3RICO DO\u00d1A MAR\u00cdA DEL CORREGIMIENTO DE PUERTO PATI\u00d1O, PARTICIPAR\u00c1 EN UN ENCUENTRO NACIONAL DE DANZAS"},"content":{"rendered":"\n<p class=\"wp-block-paragraph\">El grupo folcl\u00f3rico de danza Do\u00f1a Mar\u00eda oriundo del corregimiento de Puerto Pati\u00f1o del municipio de Aguachica, estar\u00e1 participando el pr\u00f3ximo mes de octubre en el VIII encuentro Iwoka danza \u00abdanza para la vida, vive para danzar\u00bb, en el municipio de La Villa de La Mesa de Juan D\u00edaz, en el departamento de Cundinamarca.<\/p>\n\n\n\n<p class=\"wp-block-paragraph\">Diferentes agrupaciones nacionales e internacionales converger\u00e1n en el encuentro a realizarse entre el 14 al 17 de octubre de 2022; en el cual, el grupo de danza Do\u00f1a Mar\u00eda participar\u00e1 representando el departamento del Cesar, con seis diferentes presentaciones culturales, cada una con sus respectivas rese\u00f1as:<\/p>\n\n\n\n<ul class=\"wp-block-list\"><li>Dos de ellas representativas del departamento del Cesar (La Puya vallenata y Los Pilones)<\/li><li>Dos presentaciones nacionales (Tamboras y el Caim\u00e1n Cienaguero)<\/li><li>Un baile latino (Samba)<\/li><li>Una muestra participativa del baile (El Bambuco)<\/li><\/ul>\n\n\n\n<p class=\"wp-block-paragraph\">El grupo Do\u00f1a Mar\u00eda, se postul\u00f3 el 14 de septiembre quedando seleccionado por su trayectoria y vida cultural, compitiendo con siete departamentos m\u00e1s y con un invitado especial proveniente del pa\u00eds ecuatoriano. Es importante resaltar que, este encuentro cultural 2022 es patrocinado por la Secretar\u00eda de Educaci\u00f3n, Cultura y Juventud del municipio de La Mesa, Cundinamarca, alcald\u00eda municipal de La Mesa, y el comit\u00e9 organizador de la Corporaci\u00f3n Iwoka danza \u00abdanza para la vida, vive para danzar\u00bb.<\/p>\n","protected":false},"excerpt":{"rendered":"<p>El grupo folcl\u00f3rico de danza Do\u00f1a Mar\u00eda oriundo del corregimiento de Puerto Pati\u00f1o del municipio de Aguachica, estar\u00e1 participando el pr\u00f3ximo mes de octubre en el VIII encuentro Iwoka danza \u00abdanza para la vida, vive para danzar\u00bb, en el municipio de La Villa de La Mesa de Juan D\u00edaz, en el departamento de Cundinamarca. Diferentes [&hellip;]<\/p>\n","protected":false},"author":3,"featured_media":0,"comment_status":"open","ping_status":"open","sticky":false,"template":"","format":"standard","meta":{"footnotes":""},"categories":[11,13],"tags":[],"class_list":["post-621","post","type-post","status-publish","format-standard","hentry","category-local","category-news"],"_links":{"self":[{"href":"https:\/\/camposerranoradio.com\/home\/wp-json\/wp\/v2\/posts\/621","targetHints":{"allow":["GET"]}}],"collection":[{"href":"https:\/\/camposerranoradio.com\/home\/wp-json\/wp\/v2\/posts"}],"about":[{"href":"https:\/\/camposerranoradio.com\/home\/wp-json\/wp\/v2\/types\/post"}],"author":[{"embeddable":true,"href":"https:\/\/camposerranoradio.com\/home\/wp-json\/wp\/v2\/users\/3"}],"replies":[{"embeddable":true,"href":"https:\/\/camposerranoradio.com\/home\/wp-json\/wp\/v2\/comments?post=621"}],"version-history":[{"count":1,"href":"https:\/\/camposerranoradio.com\/home\/wp-json\/wp\/v2\/posts\/621\/revisions"}],"predecessor-version":[{"id":623,"href":"https:\/\/camposerranoradio.com\/home\/wp-json\/wp\/v2\/posts\/621\/revisions\/623"}],"wp:attachment":[{"href":"https:\/\/camposerranoradio.com\/home\/wp-json\/wp\/v2\/media?parent=621"}],"wp:term":[{"taxonomy":"category","embeddable":true,"href":"https:\/\/camposerranoradio.com\/home\/wp-json\/wp\/v2\/categories?post=621"},{"taxonomy":"post_tag","embeddable":true,"href":"https:\/\/camposerranoradio.com\/home\/wp-json\/wp\/v2\/tags?post=621"}],"curies":[{"name":"wp","href":"https:\/\/api.w.org\/{rel}","templated":true}]}}