{"id":634,"date":"2022-09-22T17:53:21","date_gmt":"2022-09-22T17:53:21","guid":{"rendered":"https:\/\/camposerranoradio.com\/home\/?p=634"},"modified":"2022-09-22T17:53:22","modified_gmt":"2022-09-22T17:53:22","slug":"parroquia-maria-auxiliadora-extiende-un-servicio-social-a-la-comunidad-aguachiquense","status":"publish","type":"post","link":"https:\/\/camposerranoradio.com\/home\/2022\/09\/22\/parroquia-maria-auxiliadora-extiende-un-servicio-social-a-la-comunidad-aguachiquense\/","title":{"rendered":"PARROQUIA MAR\u00cdA AUXILIADORA EXTIENDE UN SERVICIO SOCIAL A LA COMUNIDAD AGUACHIQUENSE"},"content":{"rendered":"\n<p class=\"wp-block-paragraph\">El s\u00e1bado 24 de septiembre, se celebra el d\u00eda de la se\u00f1ora de La Merced o se\u00f1ora de las mercedes, patrona de los prisioneros y perseguidos. Por ello, la parroquia Mar\u00eda Auxiliadora de Aguachica, extiende la invitaci\u00f3n hacia aquellas personas de nobles y misericordiosos corazones, que deseen colaborar con \u00fatiles de aseo personal y\/o pacas o botellas de agua, esto con el fin de dirigirlos a la poblaci\u00f3n privada de la libertad del Instituto Nacional Penitenciario y carcelario de Aguachica.<\/p>\n\n\n\n<p class=\"wp-block-paragraph\">Las donaciones pueden hacerlas llegar directamente a las instalaciones de la parroquia Mar\u00eda auxiliadora ubicada en la calle 19 # 7\u00ad-50 barrio Mar\u00eda Auxiliadora, en el transcurso de hoy jueves 22 y ma\u00f1ana 23 de septiembre. \u00a0<\/p>\n\n\n\n<figure class=\"wp-block-audio\"><audio controls src=\"https:\/\/camposerranoradio.com\/home\/wp-content\/uploads\/2022\/09\/Fray-Camilo-Rada-parroquia-Maria-Auxiliadora.mp3\"><\/audio><figcaption>Fray Camilo Rada, sacerdote orden carmelitana parroquia Mar\u00eda Auxiliadora.<\/figcaption><\/figure>\n","protected":false},"excerpt":{"rendered":"<p>El s\u00e1bado 24 de septiembre, se celebra el d\u00eda de la se\u00f1ora de La Merced o se\u00f1ora de las mercedes, patrona de los prisioneros y perseguidos. Por ello, la parroquia Mar\u00eda Auxiliadora de Aguachica, extiende la invitaci\u00f3n hacia aquellas personas de nobles y misericordiosos corazones, que deseen colaborar con \u00fatiles de aseo personal y\/o pacas [&hellip;]<\/p>\n","protected":false},"author":3,"featured_media":0,"comment_status":"open","ping_status":"open","sticky":false,"template":"","format":"standard","meta":{"footnotes":""},"categories":[11,13],"tags":[],"class_list":["post-634","post","type-post","status-publish","format-standard","hentry","category-local","category-news"],"_links":{"self":[{"href":"https:\/\/camposerranoradio.com\/home\/wp-json\/wp\/v2\/posts\/634","targetHints":{"allow":["GET"]}}],"collection":[{"href":"https:\/\/camposerranoradio.com\/home\/wp-json\/wp\/v2\/posts"}],"about":[{"href":"https:\/\/camposerranoradio.com\/home\/wp-json\/wp\/v2\/types\/post"}],"author":[{"embeddable":true,"href":"https:\/\/camposerranoradio.com\/home\/wp-json\/wp\/v2\/users\/3"}],"replies":[{"embeddable":true,"href":"https:\/\/camposerranoradio.com\/home\/wp-json\/wp\/v2\/comments?post=634"}],"version-history":[{"count":1,"href":"https:\/\/camposerranoradio.com\/home\/wp-json\/wp\/v2\/posts\/634\/revisions"}],"predecessor-version":[{"id":638,"href":"https:\/\/camposerranoradio.com\/home\/wp-json\/wp\/v2\/posts\/634\/revisions\/638"}],"wp:attachment":[{"href":"https:\/\/camposerranoradio.com\/home\/wp-json\/wp\/v2\/media?parent=634"}],"wp:term":[{"taxonomy":"category","embeddable":true,"href":"https:\/\/camposerranoradio.com\/home\/wp-json\/wp\/v2\/categories?post=634"},{"taxonomy":"post_tag","embeddable":true,"href":"https:\/\/camposerranoradio.com\/home\/wp-json\/wp\/v2\/tags?post=634"}],"curies":[{"name":"wp","href":"https:\/\/api.w.org\/{rel}","templated":true}]}}