{"id":643,"date":"2022-09-23T12:09:02","date_gmt":"2022-09-23T12:09:02","guid":{"rendered":"https:\/\/camposerranoradio.com\/home\/?p=643"},"modified":"2022-09-23T12:09:03","modified_gmt":"2022-09-23T12:09:03","slug":"aguachica-casa-de-los-dialogos-regionales-vinculantes-del-magdalena-medio","status":"publish","type":"post","link":"https:\/\/camposerranoradio.com\/home\/2022\/09\/23\/aguachica-casa-de-los-dialogos-regionales-vinculantes-del-magdalena-medio\/","title":{"rendered":"AGUACHICA, CASA DE LOS DI\u00c1LOGOS REGIONALES VINCULANTES DEL MAGDALENA MEDIO"},"content":{"rendered":"\n<p class=\"wp-block-paragraph\">Quince d\u00edas despu\u00e9s de haber anunciado el se\u00f1or presidente de la rep\u00fablica, Gustavo Petro a trav\u00e9s de su cuenta de Twitter que, Aguachica ser\u00eda una de las 48 regiones que conformar\u00edan las mesas de los di\u00e1logos regionales vinculantes para la construcci\u00f3n del Plan Nacional de Desarrollo; el pr\u00f3ximo martes 27 de septiembre se llevar\u00e1n a cabo dichos encuentros regionales en el municipio.<\/p>\n\n\n\n<p class=\"wp-block-paragraph\">Desde las ocho de la ma\u00f1ana, este municipio sur cesarense integrar\u00e1 a la ciudadan\u00eda de 22 municipios del Magdalena Medio y sur del Cesar. Con la instalaci\u00f3n de las mesas vinculantes, Aguachica tendr\u00e1 la palabra como ejercicio colectivo y participativo de las comunidades, el pr\u00f3ximo 27 de septiembre de 2022, de construir la ruta de desarrollo mediante di\u00e1logos que permitir\u00e1n exponer los diferentes temas que determinar\u00e1n la agenda p\u00fablica de los territorios. Es importante mencionar, que este evento de los di\u00e1logos regionales vinculantes es organizado por la Consejer\u00eda presidencial para las regiones y se llevar\u00e1 a cabo en las instalaciones de la Instituci\u00f3n T\u00e9cnica Jos\u00e9 Mar\u00eda Campo Serrano. Por ello, si usted y\/o su comunidad desean participar, deben diligenciar a trav\u00e9s del siguiente link: <a href=\"https:\/\/datalogo.dnp.gov.co\/?fbclid=IwAR1gZ_Tf6ofAbHdlYYS-ZAdwiWPmorLPP8ALmrnNle_C0DwIW2_vMYzKves\" target=\"_blank\" rel=\"noreferrer noopener\">https:\/\/datalogo.dnp.gov.co\/<\/a> &nbsp;el siguiente formulario para ser incluidos en las mesas de trabajo regionales. &nbsp;<\/p>\n","protected":false},"excerpt":{"rendered":"<p>Quince d\u00edas despu\u00e9s de haber anunciado el se\u00f1or presidente de la rep\u00fablica, Gustavo Petro a trav\u00e9s de su cuenta de Twitter que, Aguachica ser\u00eda una de las 48 regiones que conformar\u00edan las mesas de los di\u00e1logos regionales vinculantes para la construcci\u00f3n del Plan Nacional de Desarrollo; el pr\u00f3ximo martes 27 de septiembre se llevar\u00e1n a [&hellip;]<\/p>\n","protected":false},"author":3,"featured_media":0,"comment_status":"open","ping_status":"open","sticky":false,"template":"","format":"standard","meta":{"footnotes":""},"categories":[11,13,5],"tags":[],"class_list":["post-643","post","type-post","status-publish","format-standard","hentry","category-local","category-news","category-regional"],"_links":{"self":[{"href":"https:\/\/camposerranoradio.com\/home\/wp-json\/wp\/v2\/posts\/643","targetHints":{"allow":["GET"]}}],"collection":[{"href":"https:\/\/camposerranoradio.com\/home\/wp-json\/wp\/v2\/posts"}],"about":[{"href":"https:\/\/camposerranoradio.com\/home\/wp-json\/wp\/v2\/types\/post"}],"author":[{"embeddable":true,"href":"https:\/\/camposerranoradio.com\/home\/wp-json\/wp\/v2\/users\/3"}],"replies":[{"embeddable":true,"href":"https:\/\/camposerranoradio.com\/home\/wp-json\/wp\/v2\/comments?post=643"}],"version-history":[{"count":1,"href":"https:\/\/camposerranoradio.com\/home\/wp-json\/wp\/v2\/posts\/643\/revisions"}],"predecessor-version":[{"id":645,"href":"https:\/\/camposerranoradio.com\/home\/wp-json\/wp\/v2\/posts\/643\/revisions\/645"}],"wp:attachment":[{"href":"https:\/\/camposerranoradio.com\/home\/wp-json\/wp\/v2\/media?parent=643"}],"wp:term":[{"taxonomy":"category","embeddable":true,"href":"https:\/\/camposerranoradio.com\/home\/wp-json\/wp\/v2\/categories?post=643"},{"taxonomy":"post_tag","embeddable":true,"href":"https:\/\/camposerranoradio.com\/home\/wp-json\/wp\/v2\/tags?post=643"}],"curies":[{"name":"wp","href":"https:\/\/api.w.org\/{rel}","templated":true}]}}