{"id":646,"date":"2022-09-23T12:28:35","date_gmt":"2022-09-23T12:28:35","guid":{"rendered":"https:\/\/camposerranoradio.com\/home\/?p=646"},"modified":"2022-09-23T12:28:36","modified_gmt":"2022-09-23T12:28:36","slug":"andrea-jimenez-paraticipara-como-delegada-de-juventudes-en-lima-peru","status":"publish","type":"post","link":"https:\/\/camposerranoradio.com\/home\/2022\/09\/23\/andrea-jimenez-paraticipara-como-delegada-de-juventudes-en-lima-peru\/","title":{"rendered":"ANDREA JIM\u00c9NEZ PARATICIPAR\u00c1 COMO DELEGADA DE JUVENTUDES EN LIMA, PER\u00da"},"content":{"rendered":"\n<p class=\"wp-block-paragraph\">La ciudad de Lima, capital de Per\u00fa, recibir\u00e1 a la aguachiquense Andrea Fernanda Jim\u00e9nez Barrag\u00e1n como delegada de juventud, en el primer encuentro de j\u00f3venes de las Am\u00e9ricas de la organizaci\u00f3n de los Estados Americanos (OEA). El encuentro ser\u00e1 el pr\u00f3ximo tres y cuatro de octubre de 2022, en el recinto de la Universidad Nacional Mayor de San Marcos en la capital del vecino pa\u00eds.<\/p>\n\n\n\n<p class=\"wp-block-paragraph\">Andrea Fernanda Jim\u00e9nez tendr\u00e1 la oportunidad durante dos d\u00edas de representar los intereses de la juventud, debatir y visibilizar las propuestas y las soluciones innovadoras que como l\u00edder de la juventud impulsa en el municipio de Aguachica. Adem\u00e1s, tendr\u00e1 acceso a la interacci\u00f3n de otras plenarias y l\u00edderes de juventudes, que tienen como principal objetivo colectivo, erradicar las roturas de la comunidad desde el \u00e1mbito econ\u00f3mico, social y pol\u00edtico.<\/p>\n\n\n\n<p class=\"wp-block-paragraph\">Este primer encuentro de j\u00f3venes de las Am\u00e9ricas, es una actividad oficial de la 52 Asamblea General de la Organizaci\u00f3n de los estados Unidos, tiene como objetivo hacerle seguimiento a las propuestas establecidas tras el compromiso adquirido por Jim\u00e9nez Barrag\u00e1n mostrar tras su participaci\u00f3n en las pasadas IX cumbre de las Am\u00e9ricas, cabe resaltar que Jim\u00e9nez estar\u00e1 en representaci\u00f3n de Colombia, por haber quedado entre las mejores l\u00edderes juveniles de Am\u00e9rica.<\/p>\n","protected":false},"excerpt":{"rendered":"<p>La ciudad de Lima, capital de Per\u00fa, recibir\u00e1 a la aguachiquense Andrea Fernanda Jim\u00e9nez Barrag\u00e1n como delegada de juventud, en el primer encuentro de j\u00f3venes de las Am\u00e9ricas de la organizaci\u00f3n de los Estados Americanos (OEA). El encuentro ser\u00e1 el pr\u00f3ximo tres y cuatro de octubre de 2022, en el recinto de la Universidad Nacional [&hellip;]<\/p>\n","protected":false},"author":3,"featured_media":0,"comment_status":"open","ping_status":"open","sticky":false,"template":"","format":"standard","meta":{"footnotes":""},"categories":[11,17,13],"tags":[],"class_list":["post-646","post","type-post","status-publish","format-standard","hentry","category-local","category-nacional","category-news"],"_links":{"self":[{"href":"https:\/\/camposerranoradio.com\/home\/wp-json\/wp\/v2\/posts\/646","targetHints":{"allow":["GET"]}}],"collection":[{"href":"https:\/\/camposerranoradio.com\/home\/wp-json\/wp\/v2\/posts"}],"about":[{"href":"https:\/\/camposerranoradio.com\/home\/wp-json\/wp\/v2\/types\/post"}],"author":[{"embeddable":true,"href":"https:\/\/camposerranoradio.com\/home\/wp-json\/wp\/v2\/users\/3"}],"replies":[{"embeddable":true,"href":"https:\/\/camposerranoradio.com\/home\/wp-json\/wp\/v2\/comments?post=646"}],"version-history":[{"count":1,"href":"https:\/\/camposerranoradio.com\/home\/wp-json\/wp\/v2\/posts\/646\/revisions"}],"predecessor-version":[{"id":648,"href":"https:\/\/camposerranoradio.com\/home\/wp-json\/wp\/v2\/posts\/646\/revisions\/648"}],"wp:attachment":[{"href":"https:\/\/camposerranoradio.com\/home\/wp-json\/wp\/v2\/media?parent=646"}],"wp:term":[{"taxonomy":"category","embeddable":true,"href":"https:\/\/camposerranoradio.com\/home\/wp-json\/wp\/v2\/categories?post=646"},{"taxonomy":"post_tag","embeddable":true,"href":"https:\/\/camposerranoradio.com\/home\/wp-json\/wp\/v2\/tags?post=646"}],"curies":[{"name":"wp","href":"https:\/\/api.w.org\/{rel}","templated":true}]}}