{"id":660,"date":"2022-09-27T20:52:00","date_gmt":"2022-09-27T20:52:00","guid":{"rendered":"https:\/\/camposerranoradio.com\/home\/?p=660"},"modified":"2022-09-27T20:52:02","modified_gmt":"2022-09-27T20:52:02","slug":"gremios-del-sector-cultural-hotelero-y-turistico-de-aguachica-se-proyectan-para-final-de-ano","status":"publish","type":"post","link":"https:\/\/camposerranoradio.com\/home\/2022\/09\/27\/gremios-del-sector-cultural-hotelero-y-turistico-de-aguachica-se-proyectan-para-final-de-ano\/","title":{"rendered":"GREMIOS DEL SECTOR CULTURAL, HOTELERO Y TUR\u00cdSTICO DE AGUACHICA SE PROYECTAN PARA FINAL DE A\u00d1O"},"content":{"rendered":"\n<p class=\"wp-block-paragraph\">Una idea de proyecci\u00f3n cultural se adelanta por parte de los diferentes gremios del sector hotelero, cultural y tur\u00edstico del municipio de Aguachica, Cesar. El pasado s\u00e1bado 24 de septiembre, en horas de la ma\u00f1ana, representantes de los diferentes sectores culturales, danza, teatro, hotelero y tur\u00edstico se reunieron en el centro Cultural Eladio Vargas, con el fin de establecer conjuntamente una hoja de ruta que direccione y visibilice tur\u00edsticamente en adelante al municipio de Aguachica y sus diferentes corregimientos.&nbsp;&nbsp;<\/p>\n\n\n\n<p class=\"wp-block-paragraph\">La iniciativa nace a ra\u00edz de la falta de estrategias p\u00fablicas que beneficien a los sectores que conforman este importante espacio cultural. Inicialmente, dentro de sus ejes tem\u00e1ticos a realizar esta, impulsar un\u00e1nimemente para final de a\u00f1o, un festival gastron\u00f3mico, artesanal y cultural que incluyan a todas las asociaciones de emprendedores del municipio, otro eje tem\u00e1tico es, la realizaci\u00f3n de un proyecto decorativo en las diferentes cuadras del comercio, la idea es articular el trabajo con las diferentes Juntas de Acci\u00f3n comunal y sector empresarial privado de Aguachica.&nbsp;<\/p>\n\n\n\n<p class=\"wp-block-paragraph\">Los promotores de dicha iniciativa buscan dar a conocer en las fiestas de fin de a\u00f1o a Aguachica como atractivo\u00a0tur\u00edstico, para aquellos for\u00e1neos que\u00a0visitan a esta tierra morrocoyera y con ello, mostrar\u00a0 el valor cultural inherente, la belleza que posee este municipio y que de alg\u00fan modo no se ha venido visualizando.\u00a0<\/p>\n\n\n\n<figure class=\"wp-block-audio\"><audio controls src=\"https:\/\/camposerranoradio.com\/home\/wp-content\/uploads\/2022\/09\/Doriam-Viscaino-proyeccion-cultural-para-Aguachica-27-09-22.mp3\"><\/audio><figcaption>Doriam Visca\u00edno, representante legal de Satena en Aguachica<\/figcaption><\/figure>\n","protected":false},"excerpt":{"rendered":"<p>Una idea de proyecci\u00f3n cultural se adelanta por parte de los diferentes gremios del sector hotelero, cultural y tur\u00edstico del municipio de Aguachica, Cesar. El pasado s\u00e1bado 24 de septiembre, en horas de la ma\u00f1ana, representantes de los diferentes sectores culturales, danza, teatro, hotelero y tur\u00edstico se reunieron en el centro Cultural Eladio Vargas, con [&hellip;]<\/p>\n","protected":false},"author":3,"featured_media":0,"comment_status":"open","ping_status":"open","sticky":false,"template":"","format":"standard","meta":{"footnotes":""},"categories":[11,17,13],"tags":[],"class_list":["post-660","post","type-post","status-publish","format-standard","hentry","category-local","category-nacional","category-news"],"_links":{"self":[{"href":"https:\/\/camposerranoradio.com\/home\/wp-json\/wp\/v2\/posts\/660","targetHints":{"allow":["GET"]}}],"collection":[{"href":"https:\/\/camposerranoradio.com\/home\/wp-json\/wp\/v2\/posts"}],"about":[{"href":"https:\/\/camposerranoradio.com\/home\/wp-json\/wp\/v2\/types\/post"}],"author":[{"embeddable":true,"href":"https:\/\/camposerranoradio.com\/home\/wp-json\/wp\/v2\/users\/3"}],"replies":[{"embeddable":true,"href":"https:\/\/camposerranoradio.com\/home\/wp-json\/wp\/v2\/comments?post=660"}],"version-history":[{"count":1,"href":"https:\/\/camposerranoradio.com\/home\/wp-json\/wp\/v2\/posts\/660\/revisions"}],"predecessor-version":[{"id":663,"href":"https:\/\/camposerranoradio.com\/home\/wp-json\/wp\/v2\/posts\/660\/revisions\/663"}],"wp:attachment":[{"href":"https:\/\/camposerranoradio.com\/home\/wp-json\/wp\/v2\/media?parent=660"}],"wp:term":[{"taxonomy":"category","embeddable":true,"href":"https:\/\/camposerranoradio.com\/home\/wp-json\/wp\/v2\/categories?post=660"},{"taxonomy":"post_tag","embeddable":true,"href":"https:\/\/camposerranoradio.com\/home\/wp-json\/wp\/v2\/tags?post=660"}],"curies":[{"name":"wp","href":"https:\/\/api.w.org\/{rel}","templated":true}]}}