{"id":7292,"date":"2025-05-09T12:43:34","date_gmt":"2025-05-09T12:43:34","guid":{"rendered":"https:\/\/camposerranoradio.com\/home\/?p=7292"},"modified":"2025-05-09T12:43:34","modified_gmt":"2025-05-09T12:43:34","slug":"tras-celebracion-de-la-santa-cruz-la-comunidad-del-barrio-el-bosque-denuncia-falta-de-cultura-ciudadana-por-el-arrojo-de-desechos-en-el-cerro","status":"publish","type":"post","link":"https:\/\/camposerranoradio.com\/home\/2025\/05\/09\/tras-celebracion-de-la-santa-cruz-la-comunidad-del-barrio-el-bosque-denuncia-falta-de-cultura-ciudadana-por-el-arrojo-de-desechos-en-el-cerro\/","title":{"rendered":"TRAS CELEBRACI\u00d3N DE LA SANTA CRUZ, LA COMUNIDAD DEL BARRIO EL BOSQUE DENUNCIA FALTA DE CULTURA CIUDADANA POR EL ARROJO DE DESECHOS EN EL CERRO"},"content":{"rendered":"\n<p class=\"has-text-align-left wp-block-paragraph\">Luego de la conmemoraci\u00f3n de la Santa Cruz realizada el pasado 3 de mayo en el tradicional Cerro de la Cruz, en el sector del Bosque, la comunidad expres\u00f3 su inconformidad por la acumulaci\u00f3n de basura dejada por algunos visitantes y vendedores ambulantes que no colaboraron con la recolecci\u00f3n de los desechos al finalizar la jornada.<\/p>\n\n\n\n<p class=\"has-text-align-left wp-block-paragraph\">Vecinos del sector se\u00f1alaron que este comportamiento no solo deteriora el espacio natural y espiritual del cerro, sino que tambi\u00e9n contradice las quejas posteriores de algunos comerciantes informales que reclaman por la falta de oportunidades para trabajar en eventos de este tipo.<\/p>\n\n\n\n<p class=\"has-text-align-left wp-block-paragraph\">Frente a esta situaci\u00f3n, los l\u00edderes de la Fundaci\u00f3n 3 de Mayo organizadores de la actividad se comprometieron a establecer mayores controles para el pr\u00f3ximo a\u00f1o, incluyendo el cobro por cada punto de venta como medida para financiar el aseo y mantenimiento del lugar.<\/p>\n\n\n\n<p class=\"has-text-align-left wp-block-paragraph\">A pesar del descuido de algunos, la Fundaci\u00f3n realiz\u00f3 labores de limpieza del cerro tras la actividad. Sin embargo, la comunidad del Bosque hace un llamado urgente a la administraci\u00f3n municipal para que instale cestas de basura en la zona, con el fin de promover el cuidado del espacio y garantizar que estas celebraciones puedan seguir realiz\u00e1ndose en condiciones adecuadas.<\/p>\n\n\n\n<iframe src=\"https:\/\/www.facebook.com\/plugins\/video.php?height=476&#038;href=https%3A%2F%2Fwww.facebook.com%2Fcamposerranoradio%2Fvideos%2F2736618966536605%2F&#038;show_text=false&#038;width=304&#038;t=0\" width=\"304\" height=\"476\" style=\"border:none;overflow:hidden\" scrolling=\"no\" frameborder=\"0\" allowfullscreen=\"true\" allow=\"autoplay; clipboard-write; encrypted-media; picture-in-picture; web-share\" allowFullScreen=\"true\"><\/iframe>\n","protected":false},"excerpt":{"rendered":"<p>Luego de la conmemoraci\u00f3n de la Santa Cruz realizada el pasado 3 de mayo en el tradicional Cerro de la Cruz, en el sector del Bosque, la comunidad expres\u00f3 su inconformidad por la acumulaci\u00f3n de basura dejada por algunos visitantes y vendedores ambulantes que no colaboraron con la recolecci\u00f3n de los desechos al finalizar la [&hellip;]<\/p>\n","protected":false},"author":2,"featured_media":0,"comment_status":"open","ping_status":"open","sticky":false,"template":"","format":"standard","meta":{"footnotes":""},"categories":[11,13],"tags":[],"class_list":["post-7292","post","type-post","status-publish","format-standard","hentry","category-local","category-news"],"_links":{"self":[{"href":"https:\/\/camposerranoradio.com\/home\/wp-json\/wp\/v2\/posts\/7292","targetHints":{"allow":["GET"]}}],"collection":[{"href":"https:\/\/camposerranoradio.com\/home\/wp-json\/wp\/v2\/posts"}],"about":[{"href":"https:\/\/camposerranoradio.com\/home\/wp-json\/wp\/v2\/types\/post"}],"author":[{"embeddable":true,"href":"https:\/\/camposerranoradio.com\/home\/wp-json\/wp\/v2\/users\/2"}],"replies":[{"embeddable":true,"href":"https:\/\/camposerranoradio.com\/home\/wp-json\/wp\/v2\/comments?post=7292"}],"version-history":[{"count":1,"href":"https:\/\/camposerranoradio.com\/home\/wp-json\/wp\/v2\/posts\/7292\/revisions"}],"predecessor-version":[{"id":7293,"href":"https:\/\/camposerranoradio.com\/home\/wp-json\/wp\/v2\/posts\/7292\/revisions\/7293"}],"wp:attachment":[{"href":"https:\/\/camposerranoradio.com\/home\/wp-json\/wp\/v2\/media?parent=7292"}],"wp:term":[{"taxonomy":"category","embeddable":true,"href":"https:\/\/camposerranoradio.com\/home\/wp-json\/wp\/v2\/categories?post=7292"},{"taxonomy":"post_tag","embeddable":true,"href":"https:\/\/camposerranoradio.com\/home\/wp-json\/wp\/v2\/tags?post=7292"}],"curies":[{"name":"wp","href":"https:\/\/api.w.org\/{rel}","templated":true}]}}