{"id":7297,"date":"2025-05-09T13:00:01","date_gmt":"2025-05-09T13:00:01","guid":{"rendered":"https:\/\/camposerranoradio.com\/home\/?p=7297"},"modified":"2025-05-09T13:00:16","modified_gmt":"2025-05-09T13:00:16","slug":"fallece-joven-lider-comunitario-del-barrio-29-de-noviembre-tras-grave-accidente-de-transito-en-aguachica","status":"publish","type":"post","link":"https:\/\/camposerranoradio.com\/home\/2025\/05\/09\/fallece-joven-lider-comunitario-del-barrio-29-de-noviembre-tras-grave-accidente-de-transito-en-aguachica\/","title":{"rendered":"FALLECE JOVEN L\u00cdDER COMUNITARIO DEL BARRIO 29 DE NOVIEMBRE TRAS GRAVE ACCIDENTE DE TR\u00c1NSITO EN AGUACHICA"},"content":{"rendered":"\n<p class=\"has-text-align-left wp-block-paragraph\">Luis Jim\u00e9nez, de 37 a\u00f1os y reconocido l\u00edder social del barrio 29 de noviembre, falleci\u00f3 este jueves 8 de mayo en la ciudad de Valledupar, luego de permanecer ocho d\u00edas en delicado estado de salud tras un grave accidente en motocicleta.<\/p>\n\n\n\n<p class=\"has-text-align-left wp-block-paragraph\">El siniestro ocurri\u00f3 el pasado jueves 1 de mayo, cuando Jim\u00e9nez regresaba a su vivienda a bordo de una motocicleta marca Best y colision\u00f3 con otro veh\u00edculo similar en la intersecci\u00f3n de la carrera 7 con calle 9. Producto del impacto, sufri\u00f3 un fuerte golpe en la cabeza. Fue trasladado de inmediato a un centro asistencial en Aguachica, pero debido a la gravedad de sus lesiones fue remitido a una cl\u00ednica de tercer nivel en Valledupar, donde le fue diagnosticada muerte cerebral d\u00edas despu\u00e9s. Finalmente, pese a los esfuerzos m\u00e9dicos, falleci\u00f3 en la ma\u00f1ana del 8 de mayo.<\/p>\n\n\n\n<p class=\"has-text-align-left wp-block-paragraph\">La noticia ha generado una profunda consternaci\u00f3n en la comunidad, que lo recuerda como un hombre \u00edntegro, comprometido con el desarrollo de su barrio y siempre dispuesto a trabajar por el bienestar com\u00fan. Desde el barrio 29 de noviembre, vecinos, amigos y l\u00edderes comunitarios han expresado sus m\u00e1s sinceras condolencias a su esposa y familia. En un mensaje colectivo, manifestaron:<\/p>\n\n\n\n<p class=\"has-text-align-left wp-block-paragraph\">\u201cCon profundo dolor y gran tristeza, la comunidad del barrio 29 de noviembre lamenta el fallecimiento de Luis Jim\u00e9nez, un ser humano ejemplar, esposo, amigo y l\u00edder comprometido. Su partida deja un vac\u00edo inmenso, no solo en su hogar, sino en todo un barrio que lo vio trabajar incansablemente por causas justas, siempre con humildad y entrega. Nos solidarizamos sinceramente con su familia, elevamos nuestras oraciones por su descanso eterno, y agradecemos el legado de amor, compromiso y liderazgo que nos deja. Descansa en paz, Luis. Tu comunidad nunca te olvidar\u00e1\u201d.<\/p>\n\n\n\n<p class=\"has-text-align-left wp-block-paragraph\">La partida de Luis Jim\u00e9nez enluta no solo a su familia, sino a todo un sector que hoy reconoce en \u00e9l a un ciudadano que luch\u00f3 por hacer de su entorno un lugar mejor. Su legado quedar\u00e1 vivo en las iniciativas sociales que impuls\u00f3 y en el recuerdo de quienes lo acompa\u00f1aron en vida.<\/p>\n","protected":false},"excerpt":{"rendered":"<p>Luis Jim\u00e9nez, de 37 a\u00f1os y reconocido l\u00edder social del barrio 29 de noviembre, falleci\u00f3 este jueves 8 de mayo en la ciudad de Valledupar, luego de permanecer ocho d\u00edas en delicado estado de salud tras un grave accidente en motocicleta. El siniestro ocurri\u00f3 el pasado jueves 1 de mayo, cuando Jim\u00e9nez regresaba a su [&hellip;]<\/p>\n","protected":false},"author":2,"featured_media":7298,"comment_status":"open","ping_status":"open","sticky":false,"template":"","format":"standard","meta":{"footnotes":""},"categories":[11,13],"tags":[],"class_list":["post-7297","post","type-post","status-publish","format-standard","has-post-thumbnail","hentry","category-local","category-news"],"_links":{"self":[{"href":"https:\/\/camposerranoradio.com\/home\/wp-json\/wp\/v2\/posts\/7297","targetHints":{"allow":["GET"]}}],"collection":[{"href":"https:\/\/camposerranoradio.com\/home\/wp-json\/wp\/v2\/posts"}],"about":[{"href":"https:\/\/camposerranoradio.com\/home\/wp-json\/wp\/v2\/types\/post"}],"author":[{"embeddable":true,"href":"https:\/\/camposerranoradio.com\/home\/wp-json\/wp\/v2\/users\/2"}],"replies":[{"embeddable":true,"href":"https:\/\/camposerranoradio.com\/home\/wp-json\/wp\/v2\/comments?post=7297"}],"version-history":[{"count":1,"href":"https:\/\/camposerranoradio.com\/home\/wp-json\/wp\/v2\/posts\/7297\/revisions"}],"predecessor-version":[{"id":7299,"href":"https:\/\/camposerranoradio.com\/home\/wp-json\/wp\/v2\/posts\/7297\/revisions\/7299"}],"wp:featuredmedia":[{"embeddable":true,"href":"https:\/\/camposerranoradio.com\/home\/wp-json\/wp\/v2\/media\/7298"}],"wp:attachment":[{"href":"https:\/\/camposerranoradio.com\/home\/wp-json\/wp\/v2\/media?parent=7297"}],"wp:term":[{"taxonomy":"category","embeddable":true,"href":"https:\/\/camposerranoradio.com\/home\/wp-json\/wp\/v2\/categories?post=7297"},{"taxonomy":"post_tag","embeddable":true,"href":"https:\/\/camposerranoradio.com\/home\/wp-json\/wp\/v2\/tags?post=7297"}],"curies":[{"name":"wp","href":"https:\/\/api.w.org\/{rel}","templated":true}]}}