{"id":7306,"date":"2025-05-12T12:49:40","date_gmt":"2025-05-12T12:49:40","guid":{"rendered":"https:\/\/camposerranoradio.com\/home\/?p=7306"},"modified":"2025-05-12T12:49:40","modified_gmt":"2025-05-12T12:49:40","slug":"policia-de-aguachica-celebra-el-dia-de-las-madres-con-jornada-ludica-y-mensaje-de-prevencion-en-el-mercado-publico","status":"publish","type":"post","link":"https:\/\/camposerranoradio.com\/home\/2025\/05\/12\/policia-de-aguachica-celebra-el-dia-de-las-madres-con-jornada-ludica-y-mensaje-de-prevencion-en-el-mercado-publico\/","title":{"rendered":"POLIC\u00cdA DE AGUACHICA CELEBRA EL D\u00cdA DE LAS MADRES CON JORNADA L\u00daDICA Y MENSAJE DE PREVENCI\u00d3N EN EL MERCADO P\u00daBLICO"},"content":{"rendered":"\n<p class=\"has-text-align-left wp-block-paragraph\">En una emotiva y significativa jornada, la Estaci\u00f3n de Polic\u00eda de Aguachica, a trav\u00e9s de su Grupo de Gesti\u00f3n Comunitaria, lider\u00f3 la celebraci\u00f3n del D\u00eda de las Madres con actividades pedag\u00f3gicas y recreativas en el barrio Mar\u00eda Eugenia Bajo, espec\u00edficamente en la Calle 1 con Carrera 30, frente al mercado p\u00fablico del municipio.<\/p>\n\n\n\n<p class=\"has-text-align-left wp-block-paragraph\">La actividad, desarrollada en conjunto con la Patrulla P\u00farpura y los grupos de Protecci\u00f3n a la Infancia y Adolescencia, as\u00ed como de Turismo y Patrimonio Nacional, tuvo como eje central la promoci\u00f3n de la tolerancia, la resoluci\u00f3n pac\u00edfica de conflictos y el rechazo a cualquier forma de violencia, especialmente en el marco de una fecha tan especial como el D\u00eda de las Madres.<\/p>\n\n\n\n<p class=\"has-text-align-left wp-block-paragraph\">Durante la jornada, las mujeres presentes compartieron experiencias, participaron en din\u00e1micas l\u00fadicas y pedag\u00f3gicas, y disfrutaron de momentos de alegr\u00eda acompa\u00f1ados de una torta conmemorativa. En un ambiente de di\u00e1logo y cercan\u00eda, se exalt\u00f3 el papel fundamental de las madres como pilares de la sociedad y promotoras de valores.<\/p>\n\n\n\n<p class=\"has-text-align-left wp-block-paragraph\">Adem\u00e1s, se entregaron mensajes de prevenci\u00f3n enfocados en la importancia de regalar a las madres una vida libre de violencias. Se hizo un llamado a los ciudadanos a que, m\u00e1s all\u00e1 de los obsequios materiales, ofrezcan respeto, tranquilidad y paz en el hogar. Se record\u00f3 tambi\u00e9n la disponibilidad de la l\u00ednea 155 para orientaci\u00f3n a mujeres v\u00edctimas de violencia, as\u00ed como los n\u00fameros de contacto de los cuadrantes de Polic\u00eda y de la estaci\u00f3n local.<\/p>\n\n\n\n<p class=\"has-text-align-left wp-block-paragraph\">Alrededor de 200 personas, entre adolescentes y adultos, se beneficiaron de esta iniciativa que refuerza el compromiso institucional con la comunidad, destacando el trabajo articulado por la convivencia y la seguridad ciudadana.<\/p>\n","protected":false},"excerpt":{"rendered":"<p>En una emotiva y significativa jornada, la Estaci\u00f3n de Polic\u00eda de Aguachica, a trav\u00e9s de su Grupo de Gesti\u00f3n Comunitaria, lider\u00f3 la celebraci\u00f3n del D\u00eda de las Madres con actividades pedag\u00f3gicas y recreativas en el barrio Mar\u00eda Eugenia Bajo, espec\u00edficamente en la Calle 1 con Carrera 30, frente al mercado p\u00fablico del municipio. La actividad, [&hellip;]<\/p>\n","protected":false},"author":2,"featured_media":7307,"comment_status":"open","ping_status":"open","sticky":false,"template":"","format":"standard","meta":{"footnotes":""},"categories":[11,13],"tags":[],"class_list":["post-7306","post","type-post","status-publish","format-standard","has-post-thumbnail","hentry","category-local","category-news"],"_links":{"self":[{"href":"https:\/\/camposerranoradio.com\/home\/wp-json\/wp\/v2\/posts\/7306","targetHints":{"allow":["GET"]}}],"collection":[{"href":"https:\/\/camposerranoradio.com\/home\/wp-json\/wp\/v2\/posts"}],"about":[{"href":"https:\/\/camposerranoradio.com\/home\/wp-json\/wp\/v2\/types\/post"}],"author":[{"embeddable":true,"href":"https:\/\/camposerranoradio.com\/home\/wp-json\/wp\/v2\/users\/2"}],"replies":[{"embeddable":true,"href":"https:\/\/camposerranoradio.com\/home\/wp-json\/wp\/v2\/comments?post=7306"}],"version-history":[{"count":1,"href":"https:\/\/camposerranoradio.com\/home\/wp-json\/wp\/v2\/posts\/7306\/revisions"}],"predecessor-version":[{"id":7308,"href":"https:\/\/camposerranoradio.com\/home\/wp-json\/wp\/v2\/posts\/7306\/revisions\/7308"}],"wp:featuredmedia":[{"embeddable":true,"href":"https:\/\/camposerranoradio.com\/home\/wp-json\/wp\/v2\/media\/7307"}],"wp:attachment":[{"href":"https:\/\/camposerranoradio.com\/home\/wp-json\/wp\/v2\/media?parent=7306"}],"wp:term":[{"taxonomy":"category","embeddable":true,"href":"https:\/\/camposerranoradio.com\/home\/wp-json\/wp\/v2\/categories?post=7306"},{"taxonomy":"post_tag","embeddable":true,"href":"https:\/\/camposerranoradio.com\/home\/wp-json\/wp\/v2\/tags?post=7306"}],"curies":[{"name":"wp","href":"https:\/\/api.w.org\/{rel}","templated":true}]}}