{"id":7315,"date":"2025-05-13T12:28:16","date_gmt":"2025-05-13T12:28:16","guid":{"rendered":"https:\/\/camposerranoradio.com\/home\/?p=7315"},"modified":"2025-05-13T12:28:16","modified_gmt":"2025-05-13T12:28:16","slug":"heroes-de-bata-blanca-el-mundo-celebro-a-quienes-cuidan-con-el-corazon","status":"publish","type":"post","link":"https:\/\/camposerranoradio.com\/home\/2025\/05\/13\/heroes-de-bata-blanca-el-mundo-celebro-a-quienes-cuidan-con-el-corazon\/","title":{"rendered":"H\u00c9ROES DE BATA BLANCA: EL MUNDO CELEBR\u00d3 A QUIENES CUIDAN CON EL CORAZ\u00d3N"},"content":{"rendered":"\n<p class=\"has-text-align-left wp-block-paragraph\">Cada 12 de mayo se conmemora el D\u00eda Internacional de la Enfermera, una fecha que rinde homenaje a la labor silenciosa pero fundamental que ejercen estos profesionales en los sistemas de salud de todo el mundo. Esta jornada fue establecida por el Consejo Internacional de Enfermer\u00eda en honor al natalicio de Florence Nightingale, considerada la pionera de la enfermer\u00eda moderna.<\/p>\n\n\n\n<p class=\"has-text-align-left wp-block-paragraph\">En centros hospitalarios, cl\u00ednicas y comunidades, el personal de enfermer\u00eda no solo administra tratamientos y acompa\u00f1a procesos m\u00e9dicos, sino que tambi\u00e9n representa un pilar emocional y humano tanto para pacientes como para sus familias. Su trabajo, caracterizado por la empat\u00eda, la vocaci\u00f3n de servicio y el compromiso \u00e9tico, cobra a\u00fan m\u00e1s relevancia en contextos de crisis sanitaria y emergencias.<\/p>\n\n\n\n<p class=\"has-text-align-left wp-block-paragraph\">En distintas regiones, principalmente aqu\u00ed en Aguachica, se desarrollaron actos simb\u00f3licos y mensajes de reconocimiento para visibilizar el valor del rol que cumplen las enfermeras y enfermeros en el cuidado integral de la salud. M\u00e1s all\u00e1 del homenaje, esta fecha tambi\u00e9n busca generar conciencia sobre la necesidad de mejores condiciones laborales, acceso a formaci\u00f3n continua y reconocimiento profesional.<\/p>\n\n\n\n<p class=\"has-text-align-left wp-block-paragraph\">El D\u00eda Internacional de la Enfermera no es solo una celebraci\u00f3n, sino tambi\u00e9n una oportunidad para reflexionar sobre el impacto positivo que tiene esta profesi\u00f3n en millones de vidas y la importancia de seguir fortaleciendo el sistema de salud desde el cuidado, la prevenci\u00f3n y la atenci\u00f3n directa que ellos brindan d\u00eda a d\u00eda.<\/p>\n","protected":false},"excerpt":{"rendered":"<p>Cada 12 de mayo se conmemora el D\u00eda Internacional de la Enfermera, una fecha que rinde homenaje a la labor silenciosa pero fundamental que ejercen estos profesionales en los sistemas de salud de todo el mundo. Esta jornada fue establecida por el Consejo Internacional de Enfermer\u00eda en honor al natalicio de Florence Nightingale, considerada la [&hellip;]<\/p>\n","protected":false},"author":2,"featured_media":7316,"comment_status":"open","ping_status":"open","sticky":false,"template":"","format":"standard","meta":{"footnotes":""},"categories":[11,13],"tags":[],"class_list":["post-7315","post","type-post","status-publish","format-standard","has-post-thumbnail","hentry","category-local","category-news"],"_links":{"self":[{"href":"https:\/\/camposerranoradio.com\/home\/wp-json\/wp\/v2\/posts\/7315","targetHints":{"allow":["GET"]}}],"collection":[{"href":"https:\/\/camposerranoradio.com\/home\/wp-json\/wp\/v2\/posts"}],"about":[{"href":"https:\/\/camposerranoradio.com\/home\/wp-json\/wp\/v2\/types\/post"}],"author":[{"embeddable":true,"href":"https:\/\/camposerranoradio.com\/home\/wp-json\/wp\/v2\/users\/2"}],"replies":[{"embeddable":true,"href":"https:\/\/camposerranoradio.com\/home\/wp-json\/wp\/v2\/comments?post=7315"}],"version-history":[{"count":1,"href":"https:\/\/camposerranoradio.com\/home\/wp-json\/wp\/v2\/posts\/7315\/revisions"}],"predecessor-version":[{"id":7317,"href":"https:\/\/camposerranoradio.com\/home\/wp-json\/wp\/v2\/posts\/7315\/revisions\/7317"}],"wp:featuredmedia":[{"embeddable":true,"href":"https:\/\/camposerranoradio.com\/home\/wp-json\/wp\/v2\/media\/7316"}],"wp:attachment":[{"href":"https:\/\/camposerranoradio.com\/home\/wp-json\/wp\/v2\/media?parent=7315"}],"wp:term":[{"taxonomy":"category","embeddable":true,"href":"https:\/\/camposerranoradio.com\/home\/wp-json\/wp\/v2\/categories?post=7315"},{"taxonomy":"post_tag","embeddable":true,"href":"https:\/\/camposerranoradio.com\/home\/wp-json\/wp\/v2\/tags?post=7315"}],"curies":[{"name":"wp","href":"https:\/\/api.w.org\/{rel}","templated":true}]}}