{"id":732,"date":"2022-10-04T21:35:04","date_gmt":"2022-10-04T21:35:04","guid":{"rendered":"https:\/\/camposerranoradio.com\/home\/?p=732"},"modified":"2022-10-04T21:35:04","modified_gmt":"2022-10-04T21:35:04","slug":"en-aguachica-en-medio-de-un-robo-fue-ultimado-con-arma-de-fuego-un-reconocido-ganadero","status":"publish","type":"post","link":"https:\/\/camposerranoradio.com\/home\/2022\/10\/04\/en-aguachica-en-medio-de-un-robo-fue-ultimado-con-arma-de-fuego-un-reconocido-ganadero\/","title":{"rendered":"EN AGUACHICA, EN MEDIO DE UN ROBO, FUE ULTIMADO CON ARMA DE FUEGO UN RECONOCIDO GANADERO \u00a0"},"content":{"rendered":"\n<p class=\"wp-block-paragraph\">El asesinato del se\u00f1or Alonso Berm\u00fadez Bedoya, conocido como \u00abEl Paisa\u00bb, se registr\u00f3 ayer lunes 03 de octubre a tempranas horas del d\u00eda, seg\u00fan versiones, en un intento de hurto.<\/p>\n\n\n\n<p class=\"wp-block-paragraph\">Inicialmente la v\u00edctima qued\u00f3 herida siendo necesario su traslado urgente hac\u00eda la Cl\u00ednica Mar\u00eda Auxiliadora, donde finalmente muri\u00f3 por la gravedad de los impactos. El se\u00f1or Alonso Berm\u00fadez, era un reconocido finquero y ganadero en Aguachica, Cesar, fue ultimado con arma de fuego por delincuentes cuando pretend\u00edan ingresar a realizar un falso allanamiento a su finca La Pradera, ubicada en el Cerro de las Campanas, jurisdicci\u00f3n del municipio de Aguachica.<\/p>\n\n\n\n<p class=\"wp-block-paragraph\">Seg\u00fan se pudo conocer, cuatro hombres arribaron en motocicleta al lugar auto reconoci\u00e9ndose con chalecos alusivos a la Sijin, uno de ellos, el delincuente identificado como Luis Gonzalo Berm\u00fadez Rodr\u00edguez, de 35 a\u00f1os, oriundo de Simit\u00ed, Bol\u00edvar, falleci\u00f3 en el lugar de los hechos al ser herido con un arma blanca en el cuello por la v\u00edctima, en reacci\u00f3n de venganza los dem\u00e1s acompa\u00f1antes le propinaron dos tiros al se\u00f1or Alonso Berm\u00fadez \u00abEl Paisa\u00bb. Las autoridades adelantan las indagaciones para dar con los dem\u00e1s responsables.<\/p>\n\n\n\n<p class=\"wp-block-paragraph\">Desde esta casa radial enviamos un mensaje de fortaleza y solidaridad a su familia y amigos. Paz en la tumba de don Alonso Berm\u00fadez.<\/p>\n","protected":false},"excerpt":{"rendered":"<p>El asesinato del se\u00f1or Alonso Berm\u00fadez Bedoya, conocido como \u00abEl Paisa\u00bb, se registr\u00f3 ayer lunes 03 de octubre a tempranas horas del d\u00eda, seg\u00fan versiones, en un intento de hurto. Inicialmente la v\u00edctima qued\u00f3 herida siendo necesario su traslado urgente hac\u00eda la Cl\u00ednica Mar\u00eda Auxiliadora, donde finalmente muri\u00f3 por la gravedad de los impactos. El [&hellip;]<\/p>\n","protected":false},"author":3,"featured_media":0,"comment_status":"open","ping_status":"open","sticky":false,"template":"","format":"standard","meta":{"footnotes":""},"categories":[11,13],"tags":[],"class_list":["post-732","post","type-post","status-publish","format-standard","hentry","category-local","category-news"],"_links":{"self":[{"href":"https:\/\/camposerranoradio.com\/home\/wp-json\/wp\/v2\/posts\/732","targetHints":{"allow":["GET"]}}],"collection":[{"href":"https:\/\/camposerranoradio.com\/home\/wp-json\/wp\/v2\/posts"}],"about":[{"href":"https:\/\/camposerranoradio.com\/home\/wp-json\/wp\/v2\/types\/post"}],"author":[{"embeddable":true,"href":"https:\/\/camposerranoradio.com\/home\/wp-json\/wp\/v2\/users\/3"}],"replies":[{"embeddable":true,"href":"https:\/\/camposerranoradio.com\/home\/wp-json\/wp\/v2\/comments?post=732"}],"version-history":[{"count":1,"href":"https:\/\/camposerranoradio.com\/home\/wp-json\/wp\/v2\/posts\/732\/revisions"}],"predecessor-version":[{"id":734,"href":"https:\/\/camposerranoradio.com\/home\/wp-json\/wp\/v2\/posts\/732\/revisions\/734"}],"wp:attachment":[{"href":"https:\/\/camposerranoradio.com\/home\/wp-json\/wp\/v2\/media?parent=732"}],"wp:term":[{"taxonomy":"category","embeddable":true,"href":"https:\/\/camposerranoradio.com\/home\/wp-json\/wp\/v2\/categories?post=732"},{"taxonomy":"post_tag","embeddable":true,"href":"https:\/\/camposerranoradio.com\/home\/wp-json\/wp\/v2\/tags?post=732"}],"curies":[{"name":"wp","href":"https:\/\/api.w.org\/{rel}","templated":true}]}}