{"id":7321,"date":"2025-05-13T12:43:21","date_gmt":"2025-05-13T12:43:21","guid":{"rendered":"https:\/\/camposerranoradio.com\/home\/?p=7321"},"modified":"2025-05-13T12:43:21","modified_gmt":"2025-05-13T12:43:21","slug":"camara-de-comercio-de-aguachica-impulsa-alianza-regional-para-potenciar-la-agricultura-del-sur-del-cesar","status":"publish","type":"post","link":"https:\/\/camposerranoradio.com\/home\/2025\/05\/13\/camara-de-comercio-de-aguachica-impulsa-alianza-regional-para-potenciar-la-agricultura-del-sur-del-cesar\/","title":{"rendered":"C\u00c1MARA DE COMERCIO DE AGUACHICA IMPULSA ALIANZA REGIONAL PARA POTENCIAR LA AGRICULTURA DEL SUR DEL CESAR"},"content":{"rendered":"\n<p class=\"has-text-align-left wp-block-paragraph\">En la ma\u00f1ana de este lunes 12 de mayo, la C\u00e1mara de Comercio de Aguachica fue el centro de una conferencia clave para el futuro agr\u00edcola del sur del Cesar, titulada \u201cLa Agricultura y las Pr\u00f3ximas Generaciones\u201d, impartida por el experto canadiense Dwain M. Lingenfelter. En su intervenci\u00f3n, Lingenfelter destac\u00f3 las vastas oportunidades de inversi\u00f3n agraria en la regi\u00f3n, destacando su potencial para fortalecer la productividad y expandir el mercado internacional, especialmente en Europa y Asia.<\/p>\n\n\n\n<p class=\"has-text-align-left wp-block-paragraph\">Durante el evento, se discutieron temas cruciales para el desarrollo del sector agr\u00edcola, tales como:<\/p>\n\n\n\n<p class=\"has-text-align-left wp-block-paragraph\"><strong>Nuestra finca familiar<\/strong>: C\u00f3mo las peque\u00f1as y medianas fincas pueden convertirse en unidades productivas de gran impacto econ\u00f3mico.<\/p>\n\n\n\n<p class=\"has-text-align-left wp-block-paragraph\"><strong>Maximizaci\u00f3n de la producci\u00f3n en las tierras de cultivo<\/strong>: Estrategias para aumentar la eficiencia de las tierras agr\u00edcolas en la regi\u00f3n.<\/p>\n\n\n\n<p class=\"has-text-align-left wp-block-paragraph\"><strong>El ma\u00edz y la soja como base de la producci\u00f3n de carne<\/strong>: La importancia de estos cultivos para la cadena productiva de prote\u00ednas animales.<\/p>\n\n\n\n<p class=\"has-text-align-left wp-block-paragraph\"><strong>Sustituci\u00f3n de importaciones agr\u00edcolas:<\/strong> La necesidad de reducir la dependencia de productos agr\u00edcolas extranjeros a trav\u00e9s de la producci\u00f3n local.<\/p>\n\n\n\n<p class=\"has-text-align-left wp-block-paragraph\"><strong>Maximizaci\u00f3n de las exportaciones:<\/strong> C\u00f3mo aumentar las exportaciones agr\u00edcolas del Cesar, con miras a posicionarse en mercados internacionales.<\/p>\n\n\n\n<p class=\"has-text-align-left wp-block-paragraph\">La gobernadora del Cesar, Elvia Milena Sanjuan D\u00e1vila, reafirm\u00f3 el compromiso del gobierno departamental de apostar por el fortalecimiento de la productividad agraria, con la visi\u00f3n de convertir al Cesar en una despensa agr\u00edcola para los mercados internacionales.<\/p>\n\n\n\n<p class=\"has-text-align-left wp-block-paragraph\">La conferencia tambi\u00e9n cont\u00f3 con la participaci\u00f3n de l\u00edderes empresariales de la regi\u00f3n, como el Dr. Jos\u00e9 Luis Uron, presidente ejecutivo de la C\u00e1mara de Comercio de Valledupar; el Dr. Fabio Rinc\u00f3n, presidente de la C\u00e1mara de Comercio de Oca\u00f1a, y el anfitri\u00f3n, Dr. Anuar Yaver, presidente de la C\u00e1mara de Comercio de Aguachica. Todos ellos coincidieron en la importancia de fortalecer las alianzas interinstitucionales para impulsar el desarrollo empresarial y agr\u00edcola de la regi\u00f3n.<\/p>\n\n\n\n<p class=\"has-text-align-left wp-block-paragraph\">Este encuentro subraya la importancia de trabajar unidos para potenciar el sector agr\u00edcola del sur del Cesar, una regi\u00f3n que tiene el potencial de convertirse en un actor clave en la producci\u00f3n y exportaci\u00f3n agr\u00edcola a nivel global.<\/p>\n","protected":false},"excerpt":{"rendered":"<p>En la ma\u00f1ana de este lunes 12 de mayo, la C\u00e1mara de Comercio de Aguachica fue el centro de una conferencia clave para el futuro agr\u00edcola del sur del Cesar, titulada \u201cLa Agricultura y las Pr\u00f3ximas Generaciones\u201d, impartida por el experto canadiense Dwain M. Lingenfelter. En su intervenci\u00f3n, Lingenfelter destac\u00f3 las vastas oportunidades de inversi\u00f3n [&hellip;]<\/p>\n","protected":false},"author":2,"featured_media":7322,"comment_status":"open","ping_status":"open","sticky":false,"template":"","format":"standard","meta":{"footnotes":""},"categories":[11,13],"tags":[],"class_list":["post-7321","post","type-post","status-publish","format-standard","has-post-thumbnail","hentry","category-local","category-news"],"_links":{"self":[{"href":"https:\/\/camposerranoradio.com\/home\/wp-json\/wp\/v2\/posts\/7321","targetHints":{"allow":["GET"]}}],"collection":[{"href":"https:\/\/camposerranoradio.com\/home\/wp-json\/wp\/v2\/posts"}],"about":[{"href":"https:\/\/camposerranoradio.com\/home\/wp-json\/wp\/v2\/types\/post"}],"author":[{"embeddable":true,"href":"https:\/\/camposerranoradio.com\/home\/wp-json\/wp\/v2\/users\/2"}],"replies":[{"embeddable":true,"href":"https:\/\/camposerranoradio.com\/home\/wp-json\/wp\/v2\/comments?post=7321"}],"version-history":[{"count":1,"href":"https:\/\/camposerranoradio.com\/home\/wp-json\/wp\/v2\/posts\/7321\/revisions"}],"predecessor-version":[{"id":7323,"href":"https:\/\/camposerranoradio.com\/home\/wp-json\/wp\/v2\/posts\/7321\/revisions\/7323"}],"wp:featuredmedia":[{"embeddable":true,"href":"https:\/\/camposerranoradio.com\/home\/wp-json\/wp\/v2\/media\/7322"}],"wp:attachment":[{"href":"https:\/\/camposerranoradio.com\/home\/wp-json\/wp\/v2\/media?parent=7321"}],"wp:term":[{"taxonomy":"category","embeddable":true,"href":"https:\/\/camposerranoradio.com\/home\/wp-json\/wp\/v2\/categories?post=7321"},{"taxonomy":"post_tag","embeddable":true,"href":"https:\/\/camposerranoradio.com\/home\/wp-json\/wp\/v2\/tags?post=7321"}],"curies":[{"name":"wp","href":"https:\/\/api.w.org\/{rel}","templated":true}]}}