{"id":7324,"date":"2025-05-14T12:12:14","date_gmt":"2025-05-14T12:12:14","guid":{"rendered":"https:\/\/camposerranoradio.com\/home\/?p=7324"},"modified":"2025-05-14T12:12:14","modified_gmt":"2025-05-14T12:12:14","slug":"habitantes-del-barrio-idema-exigen-a-cens-epm-el-cambio-urgente-de-transformador-tras-constantes-fallas-electricas","status":"publish","type":"post","link":"https:\/\/camposerranoradio.com\/home\/2025\/05\/14\/habitantes-del-barrio-idema-exigen-a-cens-epm-el-cambio-urgente-de-transformador-tras-constantes-fallas-electricas\/","title":{"rendered":"HABITANTES DEL BARRIO IDEMA EXIGEN A CENS EPM EL CAMBIO URGENTE DE TRANSFORMADOR TRAS CONSTANTES FALLAS EL\u00c9CTRICAS"},"content":{"rendered":"\n<p class=\"has-text-align-left wp-block-paragraph\">La comunidad del barrio Idema, ubicado en el sector comprendido entre la carrera 11 y las calles 13 y 14, vive momentos de inconformidad y preocupaci\u00f3n debido a las constantes fallas en el servicio de energ\u00eda el\u00e9ctrica, las cuales han generado m\u00faltiples afectaciones tanto en viviendas como en establecimientos comerciales.<\/p>\n\n\n\n<p class=\"has-text-align-left wp-block-paragraph\">Este martes, en horas de la ma\u00f1ana, personal t\u00e9cnico realiz\u00f3 labores de mantenimiento en el contador del transformador instalado en esta zona, luego de que el lunes 12 de mayo se presentara una interrupci\u00f3n prolongada del servicio que dej\u00f3 sin energ\u00eda a gran parte del barrio durante varias horas. Sin embargo, pese a la intervenci\u00f3n, los problemas persisten y los habitantes denuncian que el transformador contin\u00faa presentando fallas intermitentes.<\/p>\n\n\n\n<p class=\"has-text-align-left wp-block-paragraph\">Ante esta situaci\u00f3n, los residentes hacen un llamado urgente a la empresa EPM para que se realice el reemplazo total del transformador, argumentando que las soluciones temporales no han sido efectivas y que se trata de un equipo con un historial de aver\u00edas frecuentes.<\/p>\n\n\n\n<p class=\"has-text-align-left wp-block-paragraph\">\u201cCada vez que se va la luz, se nos da\u00f1an cosas. Los alimentos que necesitan refrigeraci\u00f3n se pierden y ya varios vecinos han reportado electrodom\u00e9sticos averiados. Nosotros no tenemos c\u00f3mo estar reponiendo eso cada vez\u201d, manifest\u00f3 una comerciante afectada del sector.<\/p>\n\n\n\n<p class=\"has-text-align-left wp-block-paragraph\">Los l\u00edderes comunitarios han elevado su voz y se encuentran recopilando firmas para formalizar una petici\u00f3n colectiva dirigida a EPM, solicitando que se priorice la revisi\u00f3n t\u00e9cnica del transformador y se contemple su reemplazo definitivo, como medida preventiva y correctiva ante las constantes fallas que afectan a cientos de personas.<\/p>\n\n\n\n<p class=\"has-text-align-left wp-block-paragraph\">Asimismo, piden a las autoridades locales y entes de control que acompa\u00f1en este proceso y velen por la prestaci\u00f3n eficiente y oportuna de los servicios p\u00fablicos domiciliarios. Los habitantes del barrio Idema esperan una pronta respuesta de la empresa prestadora del servicio, antes de que los da\u00f1os sean mayores o la situaci\u00f3n derive en un apag\u00f3n m\u00e1s grave que pueda poner en riesgo la seguridad el\u00e9ctrica del sector.<\/p>\n\n\n\n<iframe src=\"https:\/\/www.facebook.com\/plugins\/video.php?height=469&#038;href=https%3A%2F%2Fwww.facebook.com%2Fcamposerranoradio%2Fvideos%2F700196872559846%2F&#038;show_text=false&#038;width=560&#038;t=0\" width=\"560\" height=\"469\" style=\"border:none;overflow:hidden\" scrolling=\"no\" frameborder=\"0\" allowfullscreen=\"true\" allow=\"autoplay; clipboard-write; encrypted-media; picture-in-picture; web-share\" allowFullScreen=\"true\"><\/iframe>\n","protected":false},"excerpt":{"rendered":"<p>La comunidad del barrio Idema, ubicado en el sector comprendido entre la carrera 11 y las calles 13 y 14, vive momentos de inconformidad y preocupaci\u00f3n debido a las constantes fallas en el servicio de energ\u00eda el\u00e9ctrica, las cuales han generado m\u00faltiples afectaciones tanto en viviendas como en establecimientos comerciales. Este martes, en horas de [&hellip;]<\/p>\n","protected":false},"author":2,"featured_media":7325,"comment_status":"open","ping_status":"open","sticky":false,"template":"","format":"standard","meta":{"footnotes":""},"categories":[11,13],"tags":[],"class_list":["post-7324","post","type-post","status-publish","format-standard","has-post-thumbnail","hentry","category-local","category-news"],"_links":{"self":[{"href":"https:\/\/camposerranoradio.com\/home\/wp-json\/wp\/v2\/posts\/7324","targetHints":{"allow":["GET"]}}],"collection":[{"href":"https:\/\/camposerranoradio.com\/home\/wp-json\/wp\/v2\/posts"}],"about":[{"href":"https:\/\/camposerranoradio.com\/home\/wp-json\/wp\/v2\/types\/post"}],"author":[{"embeddable":true,"href":"https:\/\/camposerranoradio.com\/home\/wp-json\/wp\/v2\/users\/2"}],"replies":[{"embeddable":true,"href":"https:\/\/camposerranoradio.com\/home\/wp-json\/wp\/v2\/comments?post=7324"}],"version-history":[{"count":1,"href":"https:\/\/camposerranoradio.com\/home\/wp-json\/wp\/v2\/posts\/7324\/revisions"}],"predecessor-version":[{"id":7326,"href":"https:\/\/camposerranoradio.com\/home\/wp-json\/wp\/v2\/posts\/7324\/revisions\/7326"}],"wp:featuredmedia":[{"embeddable":true,"href":"https:\/\/camposerranoradio.com\/home\/wp-json\/wp\/v2\/media\/7325"}],"wp:attachment":[{"href":"https:\/\/camposerranoradio.com\/home\/wp-json\/wp\/v2\/media?parent=7324"}],"wp:term":[{"taxonomy":"category","embeddable":true,"href":"https:\/\/camposerranoradio.com\/home\/wp-json\/wp\/v2\/categories?post=7324"},{"taxonomy":"post_tag","embeddable":true,"href":"https:\/\/camposerranoradio.com\/home\/wp-json\/wp\/v2\/tags?post=7324"}],"curies":[{"name":"wp","href":"https:\/\/api.w.org\/{rel}","templated":true}]}}