{"id":7327,"date":"2025-05-14T12:19:46","date_gmt":"2025-05-14T12:19:46","guid":{"rendered":"https:\/\/camposerranoradio.com\/home\/?p=7327"},"modified":"2025-05-14T12:19:46","modified_gmt":"2025-05-14T12:19:46","slug":"hombre-fallece-en-establecimiento-la-mona-via-puerto-mosquito-se-investiga-posible-infarto","status":"publish","type":"post","link":"https:\/\/camposerranoradio.com\/home\/2025\/05\/14\/hombre-fallece-en-establecimiento-la-mona-via-puerto-mosquito-se-investiga-posible-infarto\/","title":{"rendered":"HOMBRE FALLECE EN ESTABLECIMIENTO LA MONA, V\u00cdA PUERTO MOSQUITO: SE INVESTIGA POSIBLE INFARTO"},"content":{"rendered":"\n<p class=\"has-text-align-left wp-block-paragraph\">En la ma\u00f1ana de este martes 13 de mayo, un hombre de aproximadamente 50 a\u00f1os perdi\u00f3 la vida de manera repentina mientras se encontraba en el establecimiento conocido como La Mona, ubicado sobre la v\u00eda que conduce a Puerto Mosquito.<\/p>\n\n\n\n<p class=\"has-text-align-left wp-block-paragraph\">Seg\u00fan testigos, el hombre, de contextura delgada y piel morena, se desplom\u00f3 sin dar se\u00f1ales previas de alerta, lo que gener\u00f3 alarma entre las personas presentes. Aunque algunos intentaron auxiliarlo, lamentablemente ya no presentaba signos vitales al momento de ser atendido.<\/p>\n\n\n\n<p class=\"has-text-align-left wp-block-paragraph\">Las primeras versiones apuntan a que la causa del deceso podr\u00eda estar relacionada con un infarto, aunque las autoridades a\u00fan no han confirmado esta hip\u00f3tesis de manera oficial. El cuerpo fue trasladado a las instalaciones de Medicina Legal, donde se realiz\u00f3 la correspondiente necropsia para determinar con exactitud las causas de la muerte.<\/p>\n\n\n\n<p class=\"has-text-align-left wp-block-paragraph\">Hasta el momento, la identidad del fallecido no ha sido revelada, ya que las autoridades se encuentran a la espera del dictamen forense y de lograr la plena identificaci\u00f3n del occiso.<\/p>\n\n\n\n<p class=\"has-text-align-left wp-block-paragraph\">El suceso ha generado consternaci\u00f3n en la comunidad del sector, mientras las autoridades contin\u00faan con las investigaciones del caso.<\/p>\n","protected":false},"excerpt":{"rendered":"<p>En la ma\u00f1ana de este martes 13 de mayo, un hombre de aproximadamente 50 a\u00f1os perdi\u00f3 la vida de manera repentina mientras se encontraba en el establecimiento conocido como La Mona, ubicado sobre la v\u00eda que conduce a Puerto Mosquito. Seg\u00fan testigos, el hombre, de contextura delgada y piel morena, se desplom\u00f3 sin dar se\u00f1ales [&hellip;]<\/p>\n","protected":false},"author":2,"featured_media":7328,"comment_status":"open","ping_status":"open","sticky":false,"template":"","format":"standard","meta":{"footnotes":""},"categories":[11,13],"tags":[],"class_list":["post-7327","post","type-post","status-publish","format-standard","has-post-thumbnail","hentry","category-local","category-news"],"_links":{"self":[{"href":"https:\/\/camposerranoradio.com\/home\/wp-json\/wp\/v2\/posts\/7327","targetHints":{"allow":["GET"]}}],"collection":[{"href":"https:\/\/camposerranoradio.com\/home\/wp-json\/wp\/v2\/posts"}],"about":[{"href":"https:\/\/camposerranoradio.com\/home\/wp-json\/wp\/v2\/types\/post"}],"author":[{"embeddable":true,"href":"https:\/\/camposerranoradio.com\/home\/wp-json\/wp\/v2\/users\/2"}],"replies":[{"embeddable":true,"href":"https:\/\/camposerranoradio.com\/home\/wp-json\/wp\/v2\/comments?post=7327"}],"version-history":[{"count":1,"href":"https:\/\/camposerranoradio.com\/home\/wp-json\/wp\/v2\/posts\/7327\/revisions"}],"predecessor-version":[{"id":7329,"href":"https:\/\/camposerranoradio.com\/home\/wp-json\/wp\/v2\/posts\/7327\/revisions\/7329"}],"wp:featuredmedia":[{"embeddable":true,"href":"https:\/\/camposerranoradio.com\/home\/wp-json\/wp\/v2\/media\/7328"}],"wp:attachment":[{"href":"https:\/\/camposerranoradio.com\/home\/wp-json\/wp\/v2\/media?parent=7327"}],"wp:term":[{"taxonomy":"category","embeddable":true,"href":"https:\/\/camposerranoradio.com\/home\/wp-json\/wp\/v2\/categories?post=7327"},{"taxonomy":"post_tag","embeddable":true,"href":"https:\/\/camposerranoradio.com\/home\/wp-json\/wp\/v2\/tags?post=7327"}],"curies":[{"name":"wp","href":"https:\/\/api.w.org\/{rel}","templated":true}]}}