{"id":7333,"date":"2025-05-14T12:31:52","date_gmt":"2025-05-14T12:31:52","guid":{"rendered":"https:\/\/camposerranoradio.com\/home\/?p=7333"},"modified":"2025-05-14T12:31:52","modified_gmt":"2025-05-14T12:31:52","slug":"capturado-en-aguachica-hombre-requerido-por-homicidio-agravado","status":"publish","type":"post","link":"https:\/\/camposerranoradio.com\/home\/2025\/05\/14\/capturado-en-aguachica-hombre-requerido-por-homicidio-agravado\/","title":{"rendered":"CAPTURADO EN AGUACHICA HOMBRE REQUERIDO POR HOMICIDIO AGRAVADO"},"content":{"rendered":"\n<p class=\"has-text-align-left wp-block-paragraph\">En una contundente acci\u00f3n operativa, uniformados adscritos al Modelo Nacional de Vigilancia Comunitaria por Cuadrantes lograron la captura de Deidid Jos\u00e9 Tarrifa Mesa, de 28 a\u00f1os de edad, quien era requerido por orden judicial por el delito de homicidio agravado.<\/p>\n\n\n\n<p class=\"has-text-align-left wp-block-paragraph\">El procedimiento se llev\u00f3 a cabo en el barrio Romero D\u00edaz, sector de la Calle 13 en Aguachica, Cesar, durante labores de patrullaje, registro y verificaci\u00f3n de antecedentes. Seg\u00fan el reporte oficial, los agentes interceptaron al sujeto y, al consultar su identidad mediante el dispositivo PDA institucional, confirmaron que sobre \u00e9l pesaba una orden de captura vigente.<\/p>\n\n\n\n<p class=\"has-text-align-left wp-block-paragraph\">El capturado fue dejado a disposici\u00f3n de la fiscal\u00eda general de la naci\u00f3n, donde se continuar\u00e1 con el proceso judicial correspondiente.<\/p>\n\n\n\n<p class=\"has-text-align-left wp-block-paragraph\">El coronel Eduardo Chamorro Pinz\u00f3n, comandante del Departamento de Polic\u00eda Cesar, destac\u00f3 que este resultado es producto del trabajo articulado entre la Polic\u00eda Nacional, la comunidad y los entes gubernamentales, en el marco de las estrategias de fortalecimiento de la seguridad y la convivencia ciudadana en la regi\u00f3n.<\/p>\n\n\n\n<p class=\"has-text-align-left wp-block-paragraph\">Este tipo de acciones reafirman el compromiso de las autoridades con la lucha contra el crimen y la judicializaci\u00f3n de personas involucradas en delitos de alto impacto.<\/p>\n","protected":false},"excerpt":{"rendered":"<p>En una contundente acci\u00f3n operativa, uniformados adscritos al Modelo Nacional de Vigilancia Comunitaria por Cuadrantes lograron la captura de Deidid Jos\u00e9 Tarrifa Mesa, de 28 a\u00f1os de edad, quien era requerido por orden judicial por el delito de homicidio agravado. El procedimiento se llev\u00f3 a cabo en el barrio Romero D\u00edaz, sector de la Calle [&hellip;]<\/p>\n","protected":false},"author":2,"featured_media":7334,"comment_status":"open","ping_status":"open","sticky":false,"template":"","format":"standard","meta":{"footnotes":""},"categories":[30,11,13],"tags":[],"class_list":["post-7333","post","type-post","status-publish","format-standard","has-post-thumbnail","hentry","category-judicial","category-local","category-news"],"_links":{"self":[{"href":"https:\/\/camposerranoradio.com\/home\/wp-json\/wp\/v2\/posts\/7333","targetHints":{"allow":["GET"]}}],"collection":[{"href":"https:\/\/camposerranoradio.com\/home\/wp-json\/wp\/v2\/posts"}],"about":[{"href":"https:\/\/camposerranoradio.com\/home\/wp-json\/wp\/v2\/types\/post"}],"author":[{"embeddable":true,"href":"https:\/\/camposerranoradio.com\/home\/wp-json\/wp\/v2\/users\/2"}],"replies":[{"embeddable":true,"href":"https:\/\/camposerranoradio.com\/home\/wp-json\/wp\/v2\/comments?post=7333"}],"version-history":[{"count":1,"href":"https:\/\/camposerranoradio.com\/home\/wp-json\/wp\/v2\/posts\/7333\/revisions"}],"predecessor-version":[{"id":7335,"href":"https:\/\/camposerranoradio.com\/home\/wp-json\/wp\/v2\/posts\/7333\/revisions\/7335"}],"wp:featuredmedia":[{"embeddable":true,"href":"https:\/\/camposerranoradio.com\/home\/wp-json\/wp\/v2\/media\/7334"}],"wp:attachment":[{"href":"https:\/\/camposerranoradio.com\/home\/wp-json\/wp\/v2\/media?parent=7333"}],"wp:term":[{"taxonomy":"category","embeddable":true,"href":"https:\/\/camposerranoradio.com\/home\/wp-json\/wp\/v2\/categories?post=7333"},{"taxonomy":"post_tag","embeddable":true,"href":"https:\/\/camposerranoradio.com\/home\/wp-json\/wp\/v2\/tags?post=7333"}],"curies":[{"name":"wp","href":"https:\/\/api.w.org\/{rel}","templated":true}]}}