{"id":7337,"date":"2025-05-15T12:29:35","date_gmt":"2025-05-15T12:29:35","guid":{"rendered":"https:\/\/camposerranoradio.com\/home\/?p=7337"},"modified":"2025-05-15T12:30:38","modified_gmt":"2025-05-15T12:30:38","slug":"comunidad-del-barrio-idema-denuncia-grave-deficiencia-en-el-suministro-de-agua-en-aguachica","status":"publish","type":"post","link":"https:\/\/camposerranoradio.com\/home\/2025\/05\/15\/comunidad-del-barrio-idema-denuncia-grave-deficiencia-en-el-suministro-de-agua-en-aguachica\/","title":{"rendered":"COMUNIDAD DEL BARRIO IDEMA DENUNCIA GRAVE DEFICIENCIA EN EL SUMINISTRO DE AGUA EN AGUACHICA"},"content":{"rendered":"\n<p class=\"has-text-align-left wp-block-paragraph\">Habitantes del barrio Idema, en el municipio de Aguachica, siguen alzando su voz ante el continuo mal servicio en el suministro de agua potable por parte de la Empresa de Servicios P\u00fablicos de Aguachica (ESPA). La denuncia ciudadana pone en evidencia el incumplimiento de los compromisos asumidos por la administraci\u00f3n municipal y el gerente de la entidad, quienes hab\u00edan anunciado mejoras sustanciales en la prestaci\u00f3n del servicio.<\/p>\n\n\n\n<p class=\"has-text-align-left wp-block-paragraph\">Seg\u00fan los anuncios oficiales hechos el mes pasado, el suministro de agua se regularizar\u00eda mediante un sistema de sectorizaci\u00f3n, permitiendo que el agua llegar\u00eda con m\u00e1s frecuencia en el mes a los hogares de Aguachica. Sin embargo, los residentes aseguran que esta promesa no se ha cumplido y que el servicio sigue siendo inexistente en muchos sectores.<\/p>\n\n\n\n<p class=\"has-text-align-left wp-block-paragraph\">Frente a la escasez, numerosos usuarios se ven obligados a adquirir agua a trav\u00e9s de carrotanques o veh\u00edculos particulares conocidos como \u201cdados\u201d, incurriendo en gastos adicionales que no todos los ciudadanos pueden costear. La situaci\u00f3n se torna a\u00fan m\u00e1s cr\u00edtica para las familias de escasos recursos, que deben enfrentar jornadas enteras sin acceso al agua potable, afectando su salud, higiene y calidad de vida.<\/p>\n\n\n\n<p class=\"has-text-align-left wp-block-paragraph\">La comunidad del barrio Idema y otros sectores afectados han solicitado la intervenci\u00f3n urgente de la Superintendencia de Servicios P\u00fablicos Domiciliarios para que realice una inspecci\u00f3n t\u00e9cnica, determine las causas del incumplimiento y tome las medidas necesarias para garantizar el acceso efectivo a este servicio esencial.<\/p>\n\n\n\n<p class=\"has-text-align-left wp-block-paragraph\">Los habitantes exigen soluciones inmediatas, advirtiendo que la falta de agua potable representa una violaci\u00f3n a sus derechos b\u00e1sicos y un riesgo sanitario latente. El clamor ciudadano es claro: agua continua, potable y accesible para todos.<\/p>\n\n\n\n<iframe src=\"https:\/\/www.facebook.com\/plugins\/video.php?height=469&#038;href=https%3A%2F%2Fwww.facebook.com%2Fcamposerranoradio%2Fvideos%2F1131330665692493%2F&#038;show_text=false&#038;width=560&#038;t=0\" width=\"560\" height=\"469\" style=\"border:none;overflow:hidden\" scrolling=\"no\" frameborder=\"0\" allowfullscreen=\"true\" allow=\"autoplay; clipboard-write; encrypted-media; picture-in-picture; web-share\" allowFullScreen=\"true\"><\/iframe>\n","protected":false},"excerpt":{"rendered":"<p>Habitantes del barrio Idema, en el municipio de Aguachica, siguen alzando su voz ante el continuo mal servicio en el suministro de agua potable por parte de la Empresa de Servicios P\u00fablicos de Aguachica (ESPA). La denuncia ciudadana pone en evidencia el incumplimiento de los compromisos asumidos por la administraci\u00f3n municipal y el gerente de [&hellip;]<\/p>\n","protected":false},"author":2,"featured_media":7338,"comment_status":"open","ping_status":"open","sticky":false,"template":"","format":"standard","meta":{"footnotes":""},"categories":[11,13],"tags":[],"class_list":["post-7337","post","type-post","status-publish","format-standard","has-post-thumbnail","hentry","category-local","category-news"],"_links":{"self":[{"href":"https:\/\/camposerranoradio.com\/home\/wp-json\/wp\/v2\/posts\/7337","targetHints":{"allow":["GET"]}}],"collection":[{"href":"https:\/\/camposerranoradio.com\/home\/wp-json\/wp\/v2\/posts"}],"about":[{"href":"https:\/\/camposerranoradio.com\/home\/wp-json\/wp\/v2\/types\/post"}],"author":[{"embeddable":true,"href":"https:\/\/camposerranoradio.com\/home\/wp-json\/wp\/v2\/users\/2"}],"replies":[{"embeddable":true,"href":"https:\/\/camposerranoradio.com\/home\/wp-json\/wp\/v2\/comments?post=7337"}],"version-history":[{"count":2,"href":"https:\/\/camposerranoradio.com\/home\/wp-json\/wp\/v2\/posts\/7337\/revisions"}],"predecessor-version":[{"id":7340,"href":"https:\/\/camposerranoradio.com\/home\/wp-json\/wp\/v2\/posts\/7337\/revisions\/7340"}],"wp:featuredmedia":[{"embeddable":true,"href":"https:\/\/camposerranoradio.com\/home\/wp-json\/wp\/v2\/media\/7338"}],"wp:attachment":[{"href":"https:\/\/camposerranoradio.com\/home\/wp-json\/wp\/v2\/media?parent=7337"}],"wp:term":[{"taxonomy":"category","embeddable":true,"href":"https:\/\/camposerranoradio.com\/home\/wp-json\/wp\/v2\/categories?post=7337"},{"taxonomy":"post_tag","embeddable":true,"href":"https:\/\/camposerranoradio.com\/home\/wp-json\/wp\/v2\/tags?post=7337"}],"curies":[{"name":"wp","href":"https:\/\/api.w.org\/{rel}","templated":true}]}}