{"id":7341,"date":"2025-05-15T12:40:00","date_gmt":"2025-05-15T12:40:00","guid":{"rendered":"https:\/\/camposerranoradio.com\/home\/?p=7341"},"modified":"2025-05-15T12:40:00","modified_gmt":"2025-05-15T12:40:00","slug":"nuevo-accidente-de-transito-en-aguachica-mantiene-en-alerta-a-las-autoridades","status":"publish","type":"post","link":"https:\/\/camposerranoradio.com\/home\/2025\/05\/15\/nuevo-accidente-de-transito-en-aguachica-mantiene-en-alerta-a-las-autoridades\/","title":{"rendered":"NUEVO ACCIDENTE DE TR\u00c1NSITO EN AGUACHICA MANTIENE EN ALERTA A LAS AUTORIDADES"},"content":{"rendered":"\n<p class=\"has-text-align-left wp-block-paragraph\">Aproximadamente a las 5:30 p.m. de este mi\u00e9rcoles 14 de mayo, se registr\u00f3 un accidente de tr\u00e1nsito en la intersecci\u00f3n de la carrera 28 en la Avenida Sabanita, en el municipio de Aguachica. Hasta el momento, no se han revelado detalles sobre las causas del siniestro ni sobre el n\u00famero de personas heridas.<\/p>\n\n\n\n<p class=\"has-text-align-left wp-block-paragraph\">Equipos de emergencia, incluyendo param\u00e9dicos y una unidad de ambulancia, llegaron r\u00e1pidamente al lugar para atender la situaci\u00f3n. Las autoridades locales tambi\u00e9n se encuentran presentes, a la espera de consolidar un reporte oficial que permita brindar informaci\u00f3n clara y precisa a la ciudadan\u00eda.<\/p>\n\n\n\n<p class=\"has-text-align-left wp-block-paragraph\">Este nuevo incidente se suma a una preocupante serie de accidentes viales ocurridos en Aguachica en las \u00faltimas semanas, varios de los cuales han dejado heridos y v\u00edctimas fatales. La ciudad ha sido escenario de m\u00faltiples choques entre motocicletas, veh\u00edculos particulares, lo que ha encendido las alarmas sobre la seguridad vial en la zona.<\/p>\n\n\n\n<p class=\"has-text-align-left wp-block-paragraph\">Se espera que las autoridades emitan un comunicado oficial para informar sobre el estado de las v\u00edctimas y las posibles causas del accidente. Mientras tanto, se recomienda a los conductores circular con precauci\u00f3n por las v\u00edas.<\/p>\n","protected":false},"excerpt":{"rendered":"<p>Aproximadamente a las 5:30 p.m. de este mi\u00e9rcoles 14 de mayo, se registr\u00f3 un accidente de tr\u00e1nsito en la intersecci\u00f3n de la carrera 28 en la Avenida Sabanita, en el municipio de Aguachica. Hasta el momento, no se han revelado detalles sobre las causas del siniestro ni sobre el n\u00famero de personas heridas. Equipos de [&hellip;]<\/p>\n","protected":false},"author":2,"featured_media":7342,"comment_status":"open","ping_status":"open","sticky":false,"template":"","format":"standard","meta":{"footnotes":""},"categories":[11,13],"tags":[],"class_list":["post-7341","post","type-post","status-publish","format-standard","has-post-thumbnail","hentry","category-local","category-news"],"_links":{"self":[{"href":"https:\/\/camposerranoradio.com\/home\/wp-json\/wp\/v2\/posts\/7341","targetHints":{"allow":["GET"]}}],"collection":[{"href":"https:\/\/camposerranoradio.com\/home\/wp-json\/wp\/v2\/posts"}],"about":[{"href":"https:\/\/camposerranoradio.com\/home\/wp-json\/wp\/v2\/types\/post"}],"author":[{"embeddable":true,"href":"https:\/\/camposerranoradio.com\/home\/wp-json\/wp\/v2\/users\/2"}],"replies":[{"embeddable":true,"href":"https:\/\/camposerranoradio.com\/home\/wp-json\/wp\/v2\/comments?post=7341"}],"version-history":[{"count":1,"href":"https:\/\/camposerranoradio.com\/home\/wp-json\/wp\/v2\/posts\/7341\/revisions"}],"predecessor-version":[{"id":7343,"href":"https:\/\/camposerranoradio.com\/home\/wp-json\/wp\/v2\/posts\/7341\/revisions\/7343"}],"wp:featuredmedia":[{"embeddable":true,"href":"https:\/\/camposerranoradio.com\/home\/wp-json\/wp\/v2\/media\/7342"}],"wp:attachment":[{"href":"https:\/\/camposerranoradio.com\/home\/wp-json\/wp\/v2\/media?parent=7341"}],"wp:term":[{"taxonomy":"category","embeddable":true,"href":"https:\/\/camposerranoradio.com\/home\/wp-json\/wp\/v2\/categories?post=7341"},{"taxonomy":"post_tag","embeddable":true,"href":"https:\/\/camposerranoradio.com\/home\/wp-json\/wp\/v2\/tags?post=7341"}],"curies":[{"name":"wp","href":"https:\/\/api.w.org\/{rel}","templated":true}]}}