{"id":7356,"date":"2025-05-16T13:30:35","date_gmt":"2025-05-16T13:30:35","guid":{"rendered":"https:\/\/camposerranoradio.com\/home\/?p=7356"},"modified":"2025-05-16T13:30:35","modified_gmt":"2025-05-16T13:30:35","slug":"conductores-alertan-sobre-caos-vial-frente-a-la-i-e-jorge-eliecer-gaitan-y-piden-acciones-al-rector-y-padres-de-familia","status":"publish","type":"post","link":"https:\/\/camposerranoradio.com\/home\/2025\/05\/16\/conductores-alertan-sobre-caos-vial-frente-a-la-i-e-jorge-eliecer-gaitan-y-piden-acciones-al-rector-y-padres-de-familia\/","title":{"rendered":"CONDUCTORES ALERTAN SOBRE CAOS VIAL FRENTE A LA I.E. JORGE ELI\u00c9CER GAIT\u00c1N Y PIDEN ACCIONES AL RECTOR Y PADRES DE FAMILIA"},"content":{"rendered":"\n<p class=\"has-text-align-left wp-block-paragraph\">Conductores que a diario transitan por la calle 7 con carrera 13, en inmediaciones de la Instituci\u00f3n Educativa Jorge Eli\u00e9cer Gait\u00e1n, han manifestado su preocupaci\u00f3n por el constante caos vehicular que se presenta al momento de la salida de los estudiantes. Seg\u00fan los afectados, esta situaci\u00f3n, que ocurre a diario, representa no solo un problema de movilidad sino un riesgo latente para los menores.<\/p>\n\n\n\n<p class=\"has-text-align-left wp-block-paragraph\">La alta congesti\u00f3n en esta v\u00eda, considerada de gran flujo vehicular, se ve agravada por la aglomeraci\u00f3n de padres de familia que se estacionan de manera desordenada para recoger a sus hijos. Esto genera trancones y desorden en la circulaci\u00f3n, lo que podr\u00eda derivar en accidentes si no se toman medidas preventivas.<\/p>\n\n\n\n<p class=\"has-text-align-left wp-block-paragraph\">Los conductores hacen un llamado al rector de la instituci\u00f3n para que, en conjunto con las autoridades de tr\u00e1nsito, se tomen acciones que permitan organizar el entorno escolar, garantizando la seguridad de los estudiantes y la fluidez del tr\u00e1fico.<\/p>\n\n\n\n<p class=\"has-text-align-left wp-block-paragraph\">Asimismo, invitan a los padres de familia a colaborar ubicando sus veh\u00edculos en zonas permitidas y evitando estacionarse en doble fila o en lugares prohibidos. La situaci\u00f3n, aseguran, no solo afecta la movilidad, sino que pone en riesgo la integridad de los ni\u00f1os y j\u00f3venes que asisten al plantel.<\/p>\n\n\n\n<p class=\"has-text-align-left wp-block-paragraph\">La comunidad espera una pronta intervenci\u00f3n que ayude a reducir el caos diario en este sector y garantice un entorno m\u00e1s seguro para todos.<\/p>\n","protected":false},"excerpt":{"rendered":"<p>Conductores que a diario transitan por la calle 7 con carrera 13, en inmediaciones de la Instituci\u00f3n Educativa Jorge Eli\u00e9cer Gait\u00e1n, han manifestado su preocupaci\u00f3n por el constante caos vehicular que se presenta al momento de la salida de los estudiantes. Seg\u00fan los afectados, esta situaci\u00f3n, que ocurre a diario, representa no solo un problema [&hellip;]<\/p>\n","protected":false},"author":2,"featured_media":7357,"comment_status":"open","ping_status":"open","sticky":false,"template":"","format":"standard","meta":{"footnotes":""},"categories":[11,13],"tags":[],"class_list":["post-7356","post","type-post","status-publish","format-standard","has-post-thumbnail","hentry","category-local","category-news"],"_links":{"self":[{"href":"https:\/\/camposerranoradio.com\/home\/wp-json\/wp\/v2\/posts\/7356","targetHints":{"allow":["GET"]}}],"collection":[{"href":"https:\/\/camposerranoradio.com\/home\/wp-json\/wp\/v2\/posts"}],"about":[{"href":"https:\/\/camposerranoradio.com\/home\/wp-json\/wp\/v2\/types\/post"}],"author":[{"embeddable":true,"href":"https:\/\/camposerranoradio.com\/home\/wp-json\/wp\/v2\/users\/2"}],"replies":[{"embeddable":true,"href":"https:\/\/camposerranoradio.com\/home\/wp-json\/wp\/v2\/comments?post=7356"}],"version-history":[{"count":1,"href":"https:\/\/camposerranoradio.com\/home\/wp-json\/wp\/v2\/posts\/7356\/revisions"}],"predecessor-version":[{"id":7358,"href":"https:\/\/camposerranoradio.com\/home\/wp-json\/wp\/v2\/posts\/7356\/revisions\/7358"}],"wp:featuredmedia":[{"embeddable":true,"href":"https:\/\/camposerranoradio.com\/home\/wp-json\/wp\/v2\/media\/7357"}],"wp:attachment":[{"href":"https:\/\/camposerranoradio.com\/home\/wp-json\/wp\/v2\/media?parent=7356"}],"wp:term":[{"taxonomy":"category","embeddable":true,"href":"https:\/\/camposerranoradio.com\/home\/wp-json\/wp\/v2\/categories?post=7356"},{"taxonomy":"post_tag","embeddable":true,"href":"https:\/\/camposerranoradio.com\/home\/wp-json\/wp\/v2\/tags?post=7356"}],"curies":[{"name":"wp","href":"https:\/\/api.w.org\/{rel}","templated":true}]}}