{"id":741,"date":"2022-10-04T21:50:08","date_gmt":"2022-10-04T21:50:08","guid":{"rendered":"https:\/\/camposerranoradio.com\/home\/?p=741"},"modified":"2022-10-04T21:50:09","modified_gmt":"2022-10-04T21:50:09","slug":"inscribase-en-la-tercera-version-del-festival-comercial-y-multicultural-reactivate-sur%ef%bf%bc","status":"publish","type":"post","link":"https:\/\/camposerranoradio.com\/home\/2022\/10\/04\/inscribase-en-la-tercera-version-del-festival-comercial-y-multicultural-reactivate-sur%ef%bf%bc\/","title":{"rendered":"INSCR\u00cdBASE EN LA TERCERA VERSI\u00d3N DEL FESTIVAL COMERCIAL Y MULTICULTURAL REACT\u00cdVATE SUR\ufffc"},"content":{"rendered":"\n<p class=\"wp-block-paragraph\">Hasta el nueve de octubre de 2022, se encuentran abiertas las inscripciones para participar en la tercera versi\u00f3n del Festival Comercial y Multicultural React\u00edvate Sur, organizado para el pr\u00f3ximo mes de noviembre, los d\u00edas cuatro, cinco y seis por la C\u00e1mara de Comercio de Aguachica.<\/p>\n\n\n\n<p class=\"wp-block-paragraph\">La tercera versi\u00f3n se realizar\u00e1 de manera presencial en la Plazoleta de la Terminal de Transporte de Aguachica; busca promover la innovaci\u00f3n de empresas y emprendimientos en los sectores de arte, cultura, turismo, artesan\u00edas, moda, belleza, negocios verdes, gastronom\u00eda, salud y bienestar.<\/p>\n\n\n\n<p class=\"wp-block-paragraph\">Si desea participar, inscriba su stand, en el siguiente link <a href=\"https:\/\/forms.gle\/ToTKaSsFU8QEx2gy9\">https:\/\/forms.gle\/ToTKaSsFU8QEx2gy9<\/a> para mayor informaci\u00f3n comun\u00edquese a la oficina de Promoci\u00f3n y Desarrollo Empresarial de la C\u00e1mara a trav\u00e9s del correo electr\u00f3nico <a href=\"mailto:ycaceres@camaraaguachica.org.co\">ycaceres@camaraaguachica.org.co<\/a> o al WhatsAap +57 316 023 3043.<\/p>\n","protected":false},"excerpt":{"rendered":"<p>Hasta el nueve de octubre de 2022, se encuentran abiertas las inscripciones para participar en la tercera versi\u00f3n del Festival Comercial y Multicultural React\u00edvate Sur, organizado para el pr\u00f3ximo mes de noviembre, los d\u00edas cuatro, cinco y seis por la C\u00e1mara de Comercio de Aguachica. La tercera versi\u00f3n se realizar\u00e1 de manera presencial en la [&hellip;]<\/p>\n","protected":false},"author":3,"featured_media":0,"comment_status":"open","ping_status":"open","sticky":false,"template":"","format":"standard","meta":{"footnotes":""},"categories":[11,13],"tags":[],"class_list":["post-741","post","type-post","status-publish","format-standard","hentry","category-local","category-news"],"_links":{"self":[{"href":"https:\/\/camposerranoradio.com\/home\/wp-json\/wp\/v2\/posts\/741","targetHints":{"allow":["GET"]}}],"collection":[{"href":"https:\/\/camposerranoradio.com\/home\/wp-json\/wp\/v2\/posts"}],"about":[{"href":"https:\/\/camposerranoradio.com\/home\/wp-json\/wp\/v2\/types\/post"}],"author":[{"embeddable":true,"href":"https:\/\/camposerranoradio.com\/home\/wp-json\/wp\/v2\/users\/3"}],"replies":[{"embeddable":true,"href":"https:\/\/camposerranoradio.com\/home\/wp-json\/wp\/v2\/comments?post=741"}],"version-history":[{"count":1,"href":"https:\/\/camposerranoradio.com\/home\/wp-json\/wp\/v2\/posts\/741\/revisions"}],"predecessor-version":[{"id":743,"href":"https:\/\/camposerranoradio.com\/home\/wp-json\/wp\/v2\/posts\/741\/revisions\/743"}],"wp:attachment":[{"href":"https:\/\/camposerranoradio.com\/home\/wp-json\/wp\/v2\/media?parent=741"}],"wp:term":[{"taxonomy":"category","embeddable":true,"href":"https:\/\/camposerranoradio.com\/home\/wp-json\/wp\/v2\/categories?post=741"},{"taxonomy":"post_tag","embeddable":true,"href":"https:\/\/camposerranoradio.com\/home\/wp-json\/wp\/v2\/tags?post=741"}],"curies":[{"name":"wp","href":"https:\/\/api.w.org\/{rel}","templated":true}]}}