{"id":7617,"date":"2025-06-16T23:22:29","date_gmt":"2025-06-16T23:22:29","guid":{"rendered":"https:\/\/camposerranoradio.com\/home\/?p=7617"},"modified":"2025-06-16T23:22:29","modified_gmt":"2025-06-16T23:22:29","slug":"capturan-a-tres-presuntos-miembros-del-clan-del-golfo-en-operacion-militar-en-la-gloria-cesar","status":"publish","type":"post","link":"https:\/\/camposerranoradio.com\/home\/2025\/06\/16\/capturan-a-tres-presuntos-miembros-del-clan-del-golfo-en-operacion-militar-en-la-gloria-cesar\/","title":{"rendered":"CAPTURAN A TRES PRESUNTOS MIEMBROS DEL CLAN DEL GOLFO EN OPERACI\u00d3N MILITAR EN LA GLORIA, CESAR"},"content":{"rendered":"\n<p class=\"has-text-align-left wp-block-paragraph\">En una operaci\u00f3n desarrollada en zona rural del municipio de La Gloria, departamento del Cesar, tropas del Batall\u00f3n Especial Energ\u00e9tico y Vial N.\u00b03, adscritas a la D\u00e9cima Brigada, capturaron en flagrancia a tres presuntos integrantes del grupo armado organizado Clan del Golfo.<\/p>\n\n\n\n<p class=\"has-text-align-left wp-block-paragraph\">La acci\u00f3n militar se llev\u00f3 a cabo en el marco del Plan de Campa\u00f1a Ayacucho Plus, luego de que labores de inteligencia permitieran ubicar a los individuos en la vereda Azufre. Seg\u00fan informaci\u00f3n preliminar, los capturados estar\u00edan vinculados a la subestructura Francisco Jos\u00e9 Morelo Pe\u00f1ate, presuntamente involucrada en actividades il\u00edcitas en la regi\u00f3n.<\/p>\n\n\n\n<p class=\"has-text-align-left wp-block-paragraph\">Durante el operativo, las autoridades incautaron un kilogramo de clorhidrato de coca\u00edna, tres armas de fuego tipo pistola, ocho proveedores, 66 cartuchos de distintos calibres, dos tel\u00e9fonos celulares y dos motocicletas. Estos elementos habr\u00edan sido utilizados para el transporte de drogas y la ejecuci\u00f3n de actos delictivos.<\/p>\n\n\n\n<p class=\"has-text-align-left wp-block-paragraph\">El Ej\u00e9rcito Nacional reafirm\u00f3 su compromiso con la seguridad del departamento y asegur\u00f3 que continuar\u00e1 desarrollando operaciones ofensivas para debilitar la estructura operativa, log\u00edstica y financiera de los grupos armados ilegales que operan en la zona.<\/p>\n\n\n\n<p class=\"has-text-align-left wp-block-paragraph\">Publicada: Luisa Pedrozo.<\/p>\n","protected":false},"excerpt":{"rendered":"<p>En una operaci\u00f3n desarrollada en zona rural del municipio de La Gloria, departamento del Cesar, tropas del Batall\u00f3n Especial Energ\u00e9tico y Vial N.\u00b03, adscritas a la D\u00e9cima Brigada, capturaron en flagrancia a tres presuntos integrantes del grupo armado organizado Clan del Golfo. La acci\u00f3n militar se llev\u00f3 a cabo en el marco del Plan de [&hellip;]<\/p>\n","protected":false},"author":2,"featured_media":7618,"comment_status":"open","ping_status":"open","sticky":false,"template":"","format":"standard","meta":{"footnotes":""},"categories":[10,30,11,13],"tags":[],"class_list":["post-7617","post","type-post","status-publish","format-standard","has-post-thumbnail","hentry","category-general","category-judicial","category-local","category-news"],"_links":{"self":[{"href":"https:\/\/camposerranoradio.com\/home\/wp-json\/wp\/v2\/posts\/7617","targetHints":{"allow":["GET"]}}],"collection":[{"href":"https:\/\/camposerranoradio.com\/home\/wp-json\/wp\/v2\/posts"}],"about":[{"href":"https:\/\/camposerranoradio.com\/home\/wp-json\/wp\/v2\/types\/post"}],"author":[{"embeddable":true,"href":"https:\/\/camposerranoradio.com\/home\/wp-json\/wp\/v2\/users\/2"}],"replies":[{"embeddable":true,"href":"https:\/\/camposerranoradio.com\/home\/wp-json\/wp\/v2\/comments?post=7617"}],"version-history":[{"count":1,"href":"https:\/\/camposerranoradio.com\/home\/wp-json\/wp\/v2\/posts\/7617\/revisions"}],"predecessor-version":[{"id":7619,"href":"https:\/\/camposerranoradio.com\/home\/wp-json\/wp\/v2\/posts\/7617\/revisions\/7619"}],"wp:featuredmedia":[{"embeddable":true,"href":"https:\/\/camposerranoradio.com\/home\/wp-json\/wp\/v2\/media\/7618"}],"wp:attachment":[{"href":"https:\/\/camposerranoradio.com\/home\/wp-json\/wp\/v2\/media?parent=7617"}],"wp:term":[{"taxonomy":"category","embeddable":true,"href":"https:\/\/camposerranoradio.com\/home\/wp-json\/wp\/v2\/categories?post=7617"},{"taxonomy":"post_tag","embeddable":true,"href":"https:\/\/camposerranoradio.com\/home\/wp-json\/wp\/v2\/tags?post=7617"}],"curies":[{"name":"wp","href":"https:\/\/api.w.org\/{rel}","templated":true}]}}