{"id":808,"date":"2022-10-10T13:14:23","date_gmt":"2022-10-10T13:14:23","guid":{"rendered":"https:\/\/camposerranoradio.com\/home\/?p=808"},"modified":"2022-10-10T13:14:24","modified_gmt":"2022-10-10T13:14:24","slug":"del-diez-al-14-de-octubre-se-celebra-la-semana-de-la-salud-mental-en-aguachica","status":"publish","type":"post","link":"https:\/\/camposerranoradio.com\/home\/2022\/10\/10\/del-diez-al-14-de-octubre-se-celebra-la-semana-de-la-salud-mental-en-aguachica\/","title":{"rendered":"DEL DIEZ AL 14 DE OCTUBRE SE CELEBRA LA SEMANA DE LA SALUD MENTAL EN AGUACHICA"},"content":{"rendered":"\n<p class=\"wp-block-paragraph\">Desde hoy diez hasta el pr\u00f3ximo 16 de octubre de 2022, se conmemora la semana mundial de la salud mental, impulsada por la Federaci\u00f3n Mundial para la Salud Mental con el apoyo de la Organizaci\u00f3n Mundial de la Salud (OMS); en Aguachica el Hospital Local en articulaci\u00f3n con instituciones y programas de salud en el municipio invitan a toda la comunidad a participar de la semana que busca promover encuentros con las comunidades con el fin de mirar hacia un bienestar integral.<\/p>\n\n\n\n<ul class=\"wp-block-list\"><li>Hoy diez, se realizar\u00e1 un conversatorio en el auditorio Eduardo Bula de la C\u00e1mara de comercio de Aguachica, con la finalidad de tratar temas relacionados con los perfiles de la salud mental, a partir de las 2:00 hasta las 6:00 de la tarde.<\/li><li>El d\u00eda martes 11 en la cancha del barrio Villa Mar\u00e9 de 6:00 a 8:00 p. m. una actividad de rumba terapia y mural reflexivo.<\/li><li>El mi\u00e9rcoles 12, se realizar\u00e1 una toma de sem\u00e1foros con el fin de divulgar la l\u00ednea de atenci\u00f3n vital departamental 125.<\/li><li>El jueves13, una actividad con un experto en riso terapia en el Coliseo de la Ciudadela de la Paz.<\/li><li>El viernes 14, de octubre un concierto de cierre a partir de las 4:00 p. m. en el barrio Cordillera.<\/li><\/ul>\n","protected":false},"excerpt":{"rendered":"<p>Desde hoy diez hasta el pr\u00f3ximo 16 de octubre de 2022, se conmemora la semana mundial de la salud mental, impulsada por la Federaci\u00f3n Mundial para la Salud Mental con el apoyo de la Organizaci\u00f3n Mundial de la Salud (OMS); en Aguachica el Hospital Local en articulaci\u00f3n con instituciones y programas de salud en el [&hellip;]<\/p>\n","protected":false},"author":3,"featured_media":0,"comment_status":"open","ping_status":"open","sticky":false,"template":"","format":"standard","meta":{"footnotes":""},"categories":[11,13],"tags":[],"class_list":["post-808","post","type-post","status-publish","format-standard","hentry","category-local","category-news"],"_links":{"self":[{"href":"https:\/\/camposerranoradio.com\/home\/wp-json\/wp\/v2\/posts\/808","targetHints":{"allow":["GET"]}}],"collection":[{"href":"https:\/\/camposerranoradio.com\/home\/wp-json\/wp\/v2\/posts"}],"about":[{"href":"https:\/\/camposerranoradio.com\/home\/wp-json\/wp\/v2\/types\/post"}],"author":[{"embeddable":true,"href":"https:\/\/camposerranoradio.com\/home\/wp-json\/wp\/v2\/users\/3"}],"replies":[{"embeddable":true,"href":"https:\/\/camposerranoradio.com\/home\/wp-json\/wp\/v2\/comments?post=808"}],"version-history":[{"count":1,"href":"https:\/\/camposerranoradio.com\/home\/wp-json\/wp\/v2\/posts\/808\/revisions"}],"predecessor-version":[{"id":810,"href":"https:\/\/camposerranoradio.com\/home\/wp-json\/wp\/v2\/posts\/808\/revisions\/810"}],"wp:attachment":[{"href":"https:\/\/camposerranoradio.com\/home\/wp-json\/wp\/v2\/media?parent=808"}],"wp:term":[{"taxonomy":"category","embeddable":true,"href":"https:\/\/camposerranoradio.com\/home\/wp-json\/wp\/v2\/categories?post=808"},{"taxonomy":"post_tag","embeddable":true,"href":"https:\/\/camposerranoradio.com\/home\/wp-json\/wp\/v2\/tags?post=808"}],"curies":[{"name":"wp","href":"https:\/\/api.w.org\/{rel}","templated":true}]}}