{"id":824,"date":"2022-10-11T12:05:15","date_gmt":"2022-10-11T12:05:15","guid":{"rendered":"https:\/\/camposerranoradio.com\/home\/?p=824"},"modified":"2022-10-11T12:05:15","modified_gmt":"2022-10-11T12:05:15","slug":"joven-fue-encontrado-sin-vida-en-la-via-aguachica-gamarra","status":"publish","type":"post","link":"https:\/\/camposerranoradio.com\/home\/2022\/10\/11\/joven-fue-encontrado-sin-vida-en-la-via-aguachica-gamarra\/","title":{"rendered":"JOVEN FUE ENCONTRADO SIN VIDA EN LA V\u00cdA AGUACHICA \u2013 GAMARRA"},"content":{"rendered":"\n<p class=\"wp-block-paragraph\">Nuevamente en menos de 72 horas, se present\u00f3 otro hecho de sangre en el municipio de Aguachica. La nueva v\u00edctima respond\u00eda al nombre de Brayan Andr\u00e9s Arengas Navarro de 26 a\u00f1os, oriundo de Pailitas, Cesar; el cuerpo del joven fue encontrado alrededor de las 5:30 a. m. al costado de la v\u00eda por transe\u00fantes en el trayecto que comunica de Aguachica con el municipio de Gamarra, quienes de inmediato dieron aviso al cuerpo policial. &nbsp;<\/p>\n\n\n\n<p class=\"wp-block-paragraph\">De acuerdo al reporte de las autoridades, el cad\u00e1ver presentaba un impacto con arma de fuego, vest\u00eda camibuso de color azul oscuro, sudadera gris y chanclas; autoridades llegaron al lugar para el respectivo levantamiento e identificaci\u00f3n del cad\u00e1ver, lo condujeron finalmente al Instituto de Medicina Legal seccional Aguachica.<\/p>\n\n\n\n<p class=\"wp-block-paragraph\">La comunidad de Aguachica exige a la fuerza p\u00fablica y administraci\u00f3n municipal tomar medidas que salvaguarden la tranquilidad en el municipio, pues consideran que los consejos de seguridad no est\u00e1n dando resultados.<\/p>\n","protected":false},"excerpt":{"rendered":"<p>Nuevamente en menos de 72 horas, se present\u00f3 otro hecho de sangre en el municipio de Aguachica. La nueva v\u00edctima respond\u00eda al nombre de Brayan Andr\u00e9s Arengas Navarro de 26 a\u00f1os, oriundo de Pailitas, Cesar; el cuerpo del joven fue encontrado alrededor de las 5:30 a. m. al costado de la v\u00eda por transe\u00fantes en [&hellip;]<\/p>\n","protected":false},"author":3,"featured_media":0,"comment_status":"open","ping_status":"open","sticky":false,"template":"","format":"standard","meta":{"footnotes":""},"categories":[11,13],"tags":[],"class_list":["post-824","post","type-post","status-publish","format-standard","hentry","category-local","category-news"],"_links":{"self":[{"href":"https:\/\/camposerranoradio.com\/home\/wp-json\/wp\/v2\/posts\/824","targetHints":{"allow":["GET"]}}],"collection":[{"href":"https:\/\/camposerranoradio.com\/home\/wp-json\/wp\/v2\/posts"}],"about":[{"href":"https:\/\/camposerranoradio.com\/home\/wp-json\/wp\/v2\/types\/post"}],"author":[{"embeddable":true,"href":"https:\/\/camposerranoradio.com\/home\/wp-json\/wp\/v2\/users\/3"}],"replies":[{"embeddable":true,"href":"https:\/\/camposerranoradio.com\/home\/wp-json\/wp\/v2\/comments?post=824"}],"version-history":[{"count":1,"href":"https:\/\/camposerranoradio.com\/home\/wp-json\/wp\/v2\/posts\/824\/revisions"}],"predecessor-version":[{"id":826,"href":"https:\/\/camposerranoradio.com\/home\/wp-json\/wp\/v2\/posts\/824\/revisions\/826"}],"wp:attachment":[{"href":"https:\/\/camposerranoradio.com\/home\/wp-json\/wp\/v2\/media?parent=824"}],"wp:term":[{"taxonomy":"category","embeddable":true,"href":"https:\/\/camposerranoradio.com\/home\/wp-json\/wp\/v2\/categories?post=824"},{"taxonomy":"post_tag","embeddable":true,"href":"https:\/\/camposerranoradio.com\/home\/wp-json\/wp\/v2\/tags?post=824"}],"curies":[{"name":"wp","href":"https:\/\/api.w.org\/{rel}","templated":true}]}}