{"id":827,"date":"2022-10-11T12:20:01","date_gmt":"2022-10-11T12:20:01","guid":{"rendered":"https:\/\/camposerranoradio.com\/home\/?p=827"},"modified":"2022-10-11T12:20:02","modified_gmt":"2022-10-11T12:20:02","slug":"maxima-asistencia-al-conversatorio-en-salud-mental-en-aguachica","status":"publish","type":"post","link":"https:\/\/camposerranoradio.com\/home\/2022\/10\/11\/maxima-asistencia-al-conversatorio-en-salud-mental-en-aguachica\/","title":{"rendered":"M\u00c1XIMA ASISTENCIA AL CONVERSATORIO EN SALUD MENTAL EN AGUACHICA"},"content":{"rendered":"\n<p class=\"wp-block-paragraph\">Ayer diez de octubre, se realiz\u00f3 un conversatorio en el auditorio Eduardo Bula de la C\u00e1mara de comercio, con la finalidad de tratar temas relacionados con los perfiles de la salud mental, a cargo de profesionales altamente calificados; el evento cont\u00f3 con m\u00e1xima asistencia y se dio bajo la conmemoraci\u00f3n de la semana mundial de la salud mental, impulsada en Aguachica por el Hospital Local en articulaci\u00f3n con instituciones y programas de salud en el municipio y la C\u00e1mara de comercio de Aguachica.<\/p>\n\n\n\n<p class=\"wp-block-paragraph\">Los diferentes panelistas enfocaron sus intervenciones frente a la importancia de generar una buena salud mental al cuidar la mente en la infancia, considerada la etapa fundamental en el desarrollo del ni\u00f1o que potencia completamente la aceptaci\u00f3n de valores en el amor y coordina el desarrollo social, emocional, cognitivo, afectivo y mental en la etapa adulta.<\/p>\n\n\n\n<p class=\"wp-block-paragraph\">As\u00ed mismo, se consider\u00f3 el desarrollo espiritual como aspecto esencial en el desarrollo del ser humano, el sacerdote panelista expres\u00f3 que una buena relaci\u00f3n con Dios ayuda a los hombres a ser capaces de alcanzar la paz interior, ayuda a entender el significado de la vida, a tener la capacidad para hacer frente a los principales desaf\u00edos y resistencia a las dificultades que se presenten en el diario vivir.<\/p>\n\n\n\n<p class=\"wp-block-paragraph\">De igual modo, una de las conferencistas recalc\u00f3 que existen seres humanos que llevan una vida con \u2018mentalidad de mono\u2019, haciendo alusi\u00f3n a aquellas personas que sumergen su existencia en situaciones diarias de tensi\u00f3n, personas que creen hacer miles de cosas al tiempo y que terminan por perder el control de su existir al tratar de solucionar su quehaceres en un lado y otro generando una salud mental negativa, ejemplificando al animal que pasa de rama en rama sin control alguno, expres\u00f3 que este tipo de situaciones aumentaron en gran medida despu\u00e9s de la pandemia por Covid-19. <\/p>\n\n\n\n<p class=\"wp-block-paragraph\">Finalmente se trataron, adem\u00e1s, temas relacionados con la salud mental en la academia y en lo laboral, las rutas de atenci\u00f3n de la salud mental, primeros auxilios psicol\u00f3gicos, el hogar como primer protector de la salud mental, entre otros temas.<\/p>\n\n\n\n<figure class=\"wp-block-audio\"><audio controls src=\"https:\/\/camposerranoradio.com\/home\/wp-content\/uploads\/2022\/10\/Paola-Llain-Psicologa-ICBF-11-10-22.mp3\"><\/audio><figcaption>Paola Lla\u00edn &#8211; Psic\u00f3loga ICBF<\/figcaption><\/figure>\n","protected":false},"excerpt":{"rendered":"<p>Ayer diez de octubre, se realiz\u00f3 un conversatorio en el auditorio Eduardo Bula de la C\u00e1mara de comercio, con la finalidad de tratar temas relacionados con los perfiles de la salud mental, a cargo de profesionales altamente calificados; el evento cont\u00f3 con m\u00e1xima asistencia y se dio bajo la conmemoraci\u00f3n de la semana mundial de [&hellip;]<\/p>\n","protected":false},"author":3,"featured_media":0,"comment_status":"open","ping_status":"open","sticky":false,"template":"","format":"standard","meta":{"footnotes":""},"categories":[11,13],"tags":[],"class_list":["post-827","post","type-post","status-publish","format-standard","hentry","category-local","category-news"],"_links":{"self":[{"href":"https:\/\/camposerranoradio.com\/home\/wp-json\/wp\/v2\/posts\/827","targetHints":{"allow":["GET"]}}],"collection":[{"href":"https:\/\/camposerranoradio.com\/home\/wp-json\/wp\/v2\/posts"}],"about":[{"href":"https:\/\/camposerranoradio.com\/home\/wp-json\/wp\/v2\/types\/post"}],"author":[{"embeddable":true,"href":"https:\/\/camposerranoradio.com\/home\/wp-json\/wp\/v2\/users\/3"}],"replies":[{"embeddable":true,"href":"https:\/\/camposerranoradio.com\/home\/wp-json\/wp\/v2\/comments?post=827"}],"version-history":[{"count":1,"href":"https:\/\/camposerranoradio.com\/home\/wp-json\/wp\/v2\/posts\/827\/revisions"}],"predecessor-version":[{"id":830,"href":"https:\/\/camposerranoradio.com\/home\/wp-json\/wp\/v2\/posts\/827\/revisions\/830"}],"wp:attachment":[{"href":"https:\/\/camposerranoradio.com\/home\/wp-json\/wp\/v2\/media?parent=827"}],"wp:term":[{"taxonomy":"category","embeddable":true,"href":"https:\/\/camposerranoradio.com\/home\/wp-json\/wp\/v2\/categories?post=827"},{"taxonomy":"post_tag","embeddable":true,"href":"https:\/\/camposerranoradio.com\/home\/wp-json\/wp\/v2\/tags?post=827"}],"curies":[{"name":"wp","href":"https:\/\/api.w.org\/{rel}","templated":true}]}}