{"id":831,"date":"2022-10-11T12:37:21","date_gmt":"2022-10-11T12:37:21","guid":{"rendered":"https:\/\/camposerranoradio.com\/home\/?p=831"},"modified":"2022-10-11T12:37:22","modified_gmt":"2022-10-11T12:37:22","slug":"hospital-local-de-aguachica-celebra-la-semana-mundial-de-la-alimentacion","status":"publish","type":"post","link":"https:\/\/camposerranoradio.com\/home\/2022\/10\/11\/hospital-local-de-aguachica-celebra-la-semana-mundial-de-la-alimentacion\/","title":{"rendered":"HOSPITAL LOCAL DE AGUACHICA CELEBRA LA SEMANA MUNDIAL DE LA ALIMENTACI\u00d3N"},"content":{"rendered":"\n<p class=\"wp-block-paragraph\">En el Coliseo de la Ciudadela de la paz, se realiz\u00f3 la apertura de la celebraci\u00f3n de la semana mundial de la alimentaci\u00f3n, que se estar\u00e1 llevando a cabo entre el diez y el catorce de octubre en Aguachica, en el marco del D\u00eda Internacional de la Alimentaci\u00f3n, celebrado los 16 de cada octubre.<\/p>\n\n\n\n<p class=\"wp-block-paragraph\">El evento fue realizado por el Hospital Local de Aguachica de la mano de la Junta de Acci\u00f3n Comunal del barrio Ciudadela de la Paz y en articulaci\u00f3n con instituciones y programas de salud en el municipio, tiene por lema no dejar a nadie atr\u00e1s, inculcando a las personas a ser h\u00e9roes en la alimentaci\u00f3n.<\/p>\n\n\n\n<p class=\"wp-block-paragraph\">Esta semana tiene por objetivo resaltar en la comunidad aguachiquense la importancia de alimentarse correctamente principalmente en la poblaci\u00f3n infantil y la formaci\u00f3n de una alimentaci\u00f3n saludable y completa en la etapa de la adultez. El d\u00eda de ayer, se realiz\u00f3 una instrucci\u00f3n practica en el consumo sano de las comidas hechas en casa, la importancia de consumir vegetales, frutas, verduras, leguminosas y prote\u00edna de origen animal en las porciones correspondientes a las etapas del ser humano, las profesionales recalcaron lo fundamental que representa el consumo adecuado de vitaminas y minerales en el desarrollo y funcionamiento del cuerpo.<\/p>\n\n\n\n<figure class=\"wp-block-audio\"><audio controls src=\"https:\/\/camposerranoradio.com\/home\/wp-content\/uploads\/2022\/10\/Nutricionista-H.L.A-Leidy-Arrieta-11-10-22.mp3\"><\/audio><figcaption>Leidy Arrieta &#8211; Nutricionista H.L.A <\/figcaption><\/figure>\n","protected":false},"excerpt":{"rendered":"<p>En el Coliseo de la Ciudadela de la paz, se realiz\u00f3 la apertura de la celebraci\u00f3n de la semana mundial de la alimentaci\u00f3n, que se estar\u00e1 llevando a cabo entre el diez y el catorce de octubre en Aguachica, en el marco del D\u00eda Internacional de la Alimentaci\u00f3n, celebrado los 16 de cada octubre. El [&hellip;]<\/p>\n","protected":false},"author":3,"featured_media":0,"comment_status":"open","ping_status":"open","sticky":false,"template":"","format":"standard","meta":{"footnotes":""},"categories":[11,13],"tags":[],"class_list":["post-831","post","type-post","status-publish","format-standard","hentry","category-local","category-news"],"_links":{"self":[{"href":"https:\/\/camposerranoradio.com\/home\/wp-json\/wp\/v2\/posts\/831","targetHints":{"allow":["GET"]}}],"collection":[{"href":"https:\/\/camposerranoradio.com\/home\/wp-json\/wp\/v2\/posts"}],"about":[{"href":"https:\/\/camposerranoradio.com\/home\/wp-json\/wp\/v2\/types\/post"}],"author":[{"embeddable":true,"href":"https:\/\/camposerranoradio.com\/home\/wp-json\/wp\/v2\/users\/3"}],"replies":[{"embeddable":true,"href":"https:\/\/camposerranoradio.com\/home\/wp-json\/wp\/v2\/comments?post=831"}],"version-history":[{"count":1,"href":"https:\/\/camposerranoradio.com\/home\/wp-json\/wp\/v2\/posts\/831\/revisions"}],"predecessor-version":[{"id":834,"href":"https:\/\/camposerranoradio.com\/home\/wp-json\/wp\/v2\/posts\/831\/revisions\/834"}],"wp:attachment":[{"href":"https:\/\/camposerranoradio.com\/home\/wp-json\/wp\/v2\/media?parent=831"}],"wp:term":[{"taxonomy":"category","embeddable":true,"href":"https:\/\/camposerranoradio.com\/home\/wp-json\/wp\/v2\/categories?post=831"},{"taxonomy":"post_tag","embeddable":true,"href":"https:\/\/camposerranoradio.com\/home\/wp-json\/wp\/v2\/tags?post=831"}],"curies":[{"name":"wp","href":"https:\/\/api.w.org\/{rel}","templated":true}]}}