{"id":852,"date":"2022-10-12T13:03:51","date_gmt":"2022-10-12T13:03:51","guid":{"rendered":"https:\/\/camposerranoradio.com\/home\/?p=852"},"modified":"2022-10-12T13:03:52","modified_gmt":"2022-10-12T13:03:52","slug":"inscribase-en-el-taller-gratuito-en-oratoria-dirigido-por-andrea-jimenez-barragan","status":"publish","type":"post","link":"https:\/\/camposerranoradio.com\/home\/2022\/10\/12\/inscribase-en-el-taller-gratuito-en-oratoria-dirigido-por-andrea-jimenez-barragan\/","title":{"rendered":"INSCR\u00cdBASE EN EL TALLER GRATUITO EN ORATORIA DIRIGIDO POR ANDREA JIM\u00c9NEZ BARRAG\u00c1N"},"content":{"rendered":"\n<p class=\"wp-block-paragraph\">La concejal Andrea Jim\u00e9nez extiende la invitaci\u00f3n a ni\u00f1os, ni\u00f1as y j\u00f3venes del municipio de Aguachica que deseen capacitarse en el taller gratuito en oratoria \u00abAprender a hablar en p\u00fablico\u00bb tomando bases en liderazgo y superaci\u00f3n personal, para que asistan el d\u00eda de ma\u00f1ana jueves trece de octubre en el horario comprendido de 8:30 a. m. hasta las 11:30 a. m. en el Coliseo de la Ciudadela de la Paz.<\/p>\n\n\n\n<p class=\"wp-block-paragraph\">La capacitaci\u00f3n se encuentra dividida en dos categor\u00edas, una comprendida entre los siete y nueve a\u00f1os, la cual estar\u00e1 liderada por ella, quien goza del t\u00edtulo de ganadora de oratoria regional de la C\u00e1mara Junior Regional (JCI) de Valledupar, es l\u00edder juvenil de la Fundaci\u00f3n con los<br>Tennis Puestos, hace parte adem\u00e1s de la Red Colombiana de Young Am\u00e9rica entre otros atributos en oratoria. Andrea Fernanda Jim\u00e9nez recibi\u00f3 en el mes de julio un reconocimiento por parte del Congreso de la Rep\u00fablica por su labor como delegada de juventudes de Colombia ante Am\u00e9rica Latina, por liderar acciones en pro de las juventudes, labor que conjuga con su ejercicio como actual concejal de Aguachica y profesional en Administraci\u00f3n de empresas.<\/p>\n\n\n\n<p class=\"wp-block-paragraph\">La segunda categor\u00eda comprende de diez a catorce a\u00f1os, a cargo del joven Kevin C\u00e9spedes, abogado, con diplomado en gesti\u00f3n social y liderazgo, l\u00edder juvenil de la Fundaci\u00f3n Domopaz y Hanns Seidel, integrante adem\u00e1s de la Red Colombiana de L\u00edderes Juveniles RED KOLUMBIEN.<\/p>\n\n\n\n<p class=\"wp-block-paragraph\">Los ni\u00f1os, ni\u00f1as y j\u00f3venes interesados deben inscribirse a trav\u00e9s del Whatsaap 318 870 58 51, enviando el nombre completo, nombre del padre responsable, correo electr\u00f3nico y celular, son cupos limitados.<\/p>\n","protected":false},"excerpt":{"rendered":"<p>La concejal Andrea Jim\u00e9nez extiende la invitaci\u00f3n a ni\u00f1os, ni\u00f1as y j\u00f3venes del municipio de Aguachica que deseen capacitarse en el taller gratuito en oratoria \u00abAprender a hablar en p\u00fablico\u00bb tomando bases en liderazgo y superaci\u00f3n personal, para que asistan el d\u00eda de ma\u00f1ana jueves trece de octubre en el horario comprendido de 8:30 a. [&hellip;]<\/p>\n","protected":false},"author":3,"featured_media":0,"comment_status":"open","ping_status":"open","sticky":false,"template":"","format":"standard","meta":{"footnotes":""},"categories":[11,13],"tags":[],"class_list":["post-852","post","type-post","status-publish","format-standard","hentry","category-local","category-news"],"_links":{"self":[{"href":"https:\/\/camposerranoradio.com\/home\/wp-json\/wp\/v2\/posts\/852","targetHints":{"allow":["GET"]}}],"collection":[{"href":"https:\/\/camposerranoradio.com\/home\/wp-json\/wp\/v2\/posts"}],"about":[{"href":"https:\/\/camposerranoradio.com\/home\/wp-json\/wp\/v2\/types\/post"}],"author":[{"embeddable":true,"href":"https:\/\/camposerranoradio.com\/home\/wp-json\/wp\/v2\/users\/3"}],"replies":[{"embeddable":true,"href":"https:\/\/camposerranoradio.com\/home\/wp-json\/wp\/v2\/comments?post=852"}],"version-history":[{"count":1,"href":"https:\/\/camposerranoradio.com\/home\/wp-json\/wp\/v2\/posts\/852\/revisions"}],"predecessor-version":[{"id":854,"href":"https:\/\/camposerranoradio.com\/home\/wp-json\/wp\/v2\/posts\/852\/revisions\/854"}],"wp:attachment":[{"href":"https:\/\/camposerranoradio.com\/home\/wp-json\/wp\/v2\/media?parent=852"}],"wp:term":[{"taxonomy":"category","embeddable":true,"href":"https:\/\/camposerranoradio.com\/home\/wp-json\/wp\/v2\/categories?post=852"},{"taxonomy":"post_tag","embeddable":true,"href":"https:\/\/camposerranoradio.com\/home\/wp-json\/wp\/v2\/tags?post=852"}],"curies":[{"name":"wp","href":"https:\/\/api.w.org\/{rel}","templated":true}]}}