{"id":869,"date":"2022-10-13T12:51:42","date_gmt":"2022-10-13T12:51:42","guid":{"rendered":"https:\/\/camposerranoradio.com\/home\/?p=869"},"modified":"2022-10-13T12:51:43","modified_gmt":"2022-10-13T12:51:43","slug":"piden-cadena-de-oracion-por-la-salud-del-excajero-de-los-chiches-del-vallenato-en-aguachica","status":"publish","type":"post","link":"https:\/\/camposerranoradio.com\/home\/2022\/10\/13\/piden-cadena-de-oracion-por-la-salud-del-excajero-de-los-chiches-del-vallenato-en-aguachica\/","title":{"rendered":"PIDEN CADENA DE ORACI\u00d3N POR LA SALUD DEL EXCAJERO DE LOS CHICHES DEL VALLENATO EN AGUACHICA"},"content":{"rendered":"\n<p class=\"wp-block-paragraph\">El Excajero de los Chiches del Vallenato, el se\u00f1or Arnulfo V\u00e1squez Orjuela, se encuentra en la Unidad de Cuidados Intensivos de la Cl\u00ednica de Alta complejidad de Aguachica, al sufrir a sus 58 a\u00f1os, un paro card\u00edo respiratorio.<\/p>\n\n\n\n<p class=\"wp-block-paragraph\">Arnulfo V\u00e1squez es aguachiquense de nacimiento, grande en la figura cultural, art\u00edstica y musical de este municipio surcesarense, hijo de don Luis Enrique V\u00e1squez Qui\u00f1ones y do\u00f1a Fanny Orjuela de V\u00e1squez.<\/p>\n\n\n\n<p class=\"wp-block-paragraph\">V\u00e1squez Orjuela durante m\u00e1s de veinte a\u00f1os perteneci\u00f3 a la agrupaci\u00f3n vallenata \u00abLos Chiches del Vallenato\u00bb, agrupaci\u00f3n que le dio el reconocimiento nacional y mundial, del cual hoy goza. Desde este medio radial elevamos al cielo plegarias de sanidad por el se\u00f1or Arnulfo V\u00e1squez Orjuela, Padre amado, sabemos que t\u00fa puedes sanar cualquier enfermedad, tuyo es el poder.&nbsp;<\/p>\n\n\n\n<p class=\"wp-block-paragraph\"><\/p>\n","protected":false},"excerpt":{"rendered":"<p>El Excajero de los Chiches del Vallenato, el se\u00f1or Arnulfo V\u00e1squez Orjuela, se encuentra en la Unidad de Cuidados Intensivos de la Cl\u00ednica de Alta complejidad de Aguachica, al sufrir a sus 58 a\u00f1os, un paro card\u00edo respiratorio. Arnulfo V\u00e1squez es aguachiquense de nacimiento, grande en la figura cultural, art\u00edstica y musical de este municipio [&hellip;]<\/p>\n","protected":false},"author":3,"featured_media":0,"comment_status":"open","ping_status":"open","sticky":false,"template":"","format":"standard","meta":{"footnotes":""},"categories":[11,13],"tags":[],"class_list":["post-869","post","type-post","status-publish","format-standard","hentry","category-local","category-news"],"_links":{"self":[{"href":"https:\/\/camposerranoradio.com\/home\/wp-json\/wp\/v2\/posts\/869","targetHints":{"allow":["GET"]}}],"collection":[{"href":"https:\/\/camposerranoradio.com\/home\/wp-json\/wp\/v2\/posts"}],"about":[{"href":"https:\/\/camposerranoradio.com\/home\/wp-json\/wp\/v2\/types\/post"}],"author":[{"embeddable":true,"href":"https:\/\/camposerranoradio.com\/home\/wp-json\/wp\/v2\/users\/3"}],"replies":[{"embeddable":true,"href":"https:\/\/camposerranoradio.com\/home\/wp-json\/wp\/v2\/comments?post=869"}],"version-history":[{"count":1,"href":"https:\/\/camposerranoradio.com\/home\/wp-json\/wp\/v2\/posts\/869\/revisions"}],"predecessor-version":[{"id":871,"href":"https:\/\/camposerranoradio.com\/home\/wp-json\/wp\/v2\/posts\/869\/revisions\/871"}],"wp:attachment":[{"href":"https:\/\/camposerranoradio.com\/home\/wp-json\/wp\/v2\/media?parent=869"}],"wp:term":[{"taxonomy":"category","embeddable":true,"href":"https:\/\/camposerranoradio.com\/home\/wp-json\/wp\/v2\/categories?post=869"},{"taxonomy":"post_tag","embeddable":true,"href":"https:\/\/camposerranoradio.com\/home\/wp-json\/wp\/v2\/tags?post=869"}],"curies":[{"name":"wp","href":"https:\/\/api.w.org\/{rel}","templated":true}]}}