{"id":8746,"date":"2025-10-17T12:23:26","date_gmt":"2025-10-17T12:23:26","guid":{"rendered":"https:\/\/camposerranoradio.com\/home\/?p=8746"},"modified":"2025-10-17T12:23:26","modified_gmt":"2025-10-17T12:23:26","slug":"vecinos-de-villasol-reclaman-espacio-invadido-que-impide-avanzar-en-obra-social","status":"publish","type":"post","link":"https:\/\/camposerranoradio.com\/home\/2025\/10\/17\/vecinos-de-villasol-reclaman-espacio-invadido-que-impide-avanzar-en-obra-social\/","title":{"rendered":"VECINOS DE VILLASOL RECLAMAN ESPACIO INVADIDO QUE IMPIDE AVANZAR EN OBRA SOCIAL\u201d"},"content":{"rendered":"\n<p class=\"has-text-align-left wp-block-paragraph\">En el barrio Villasol, los vecinos enfrentan una situaci\u00f3n que ha detenido un proyecto comunitario clave: la construcci\u00f3n de su sal\u00f3n comunal. Aunque el terreno fue recuperado, la obra no ha podido avanzar debido a un conflicto por tres metros de espacio que, seg\u00fan denuncian, fueron ocupados indebidamente.<\/p>\n\n\n\n<p class=\"has-text-align-left wp-block-paragraph\">El presidente de la Junta de Acci\u00f3n Comunal explic\u00f3 que ya se han presentado las quejas ante las autoridades competentes para que se revise la situaci\u00f3n y se devuelva el \u00e1rea afectada. La comunidad insiste en que ese espacio pertenece al barrio y que el sal\u00f3n comunal es una necesidad urgente para el desarrollo de actividades sociales, reuniones y programas vecinales.<\/p>\n\n\n\n<p class=\"wp-block-paragraph\">El proyecto cuenta incluso con el apoyo de personas dispuestas a donar materiales de construcci\u00f3n, como bloques, pero el avance se mantiene detenido mientras no se resuelva el problema del terreno. Los vecinos expresan frustraci\u00f3n al ver que un espacio que podr\u00eda beneficiar a todos permanece inutilizado por una disputa que lleva semanas sin soluci\u00f3n.<\/p>\n\n\n\n<p class=\"wp-block-paragraph\">La comunidad de Villasol hace un llamado a las autoridades locales para que intervengan con prontitud y se logre recuperar esos tres metros que hoy impiden continuar con la obra. Aseguran que el sal\u00f3n comunal no solo es un proyecto f\u00edsico, sino un punto de encuentro necesario para fortalecer la uni\u00f3n y la participaci\u00f3n del barrio.<\/p>\n\n\n\n<iframe src=\"https:\/\/www.facebook.com\/plugins\/video.php?height=469&#038;href=https%3A%2F%2Fwww.facebook.com%2Freel%2F695507176330550%2F&#038;show_text=false&#038;width=560&#038;t=0\" width=\"560\" height=\"469\" style=\"border:none;overflow:hidden\" scrolling=\"no\" frameborder=\"0\" allowfullscreen=\"true\" allow=\"autoplay; clipboard-write; encrypted-media; picture-in-picture; web-share\" allowFullScreen=\"true\"><\/iframe>\n","protected":false},"excerpt":{"rendered":"<p>En el barrio Villasol, los vecinos enfrentan una situaci\u00f3n que ha detenido un proyecto comunitario clave: la construcci\u00f3n de su sal\u00f3n comunal. Aunque el terreno fue recuperado, la obra no ha podido avanzar debido a un conflicto por tres metros de espacio que, seg\u00fan denuncian, fueron ocupados indebidamente. El presidente de la Junta de Acci\u00f3n [&hellip;]<\/p>\n","protected":false},"author":2,"featured_media":8747,"comment_status":"open","ping_status":"open","sticky":false,"template":"","format":"standard","meta":{"footnotes":""},"categories":[10,11,13],"tags":[],"class_list":["post-8746","post","type-post","status-publish","format-standard","has-post-thumbnail","hentry","category-general","category-local","category-news"],"_links":{"self":[{"href":"https:\/\/camposerranoradio.com\/home\/wp-json\/wp\/v2\/posts\/8746","targetHints":{"allow":["GET"]}}],"collection":[{"href":"https:\/\/camposerranoradio.com\/home\/wp-json\/wp\/v2\/posts"}],"about":[{"href":"https:\/\/camposerranoradio.com\/home\/wp-json\/wp\/v2\/types\/post"}],"author":[{"embeddable":true,"href":"https:\/\/camposerranoradio.com\/home\/wp-json\/wp\/v2\/users\/2"}],"replies":[{"embeddable":true,"href":"https:\/\/camposerranoradio.com\/home\/wp-json\/wp\/v2\/comments?post=8746"}],"version-history":[{"count":1,"href":"https:\/\/camposerranoradio.com\/home\/wp-json\/wp\/v2\/posts\/8746\/revisions"}],"predecessor-version":[{"id":8748,"href":"https:\/\/camposerranoradio.com\/home\/wp-json\/wp\/v2\/posts\/8746\/revisions\/8748"}],"wp:featuredmedia":[{"embeddable":true,"href":"https:\/\/camposerranoradio.com\/home\/wp-json\/wp\/v2\/media\/8747"}],"wp:attachment":[{"href":"https:\/\/camposerranoradio.com\/home\/wp-json\/wp\/v2\/media?parent=8746"}],"wp:term":[{"taxonomy":"category","embeddable":true,"href":"https:\/\/camposerranoradio.com\/home\/wp-json\/wp\/v2\/categories?post=8746"},{"taxonomy":"post_tag","embeddable":true,"href":"https:\/\/camposerranoradio.com\/home\/wp-json\/wp\/v2\/tags?post=8746"}],"curies":[{"name":"wp","href":"https:\/\/api.w.org\/{rel}","templated":true}]}}