{"id":8758,"date":"2025-10-20T12:59:20","date_gmt":"2025-10-20T12:59:20","guid":{"rendered":"https:\/\/camposerranoradio.com\/home\/?p=8758"},"modified":"2025-10-20T12:59:20","modified_gmt":"2025-10-20T12:59:20","slug":"jornada-integral-de-salud-y-bienestar-para-la-comunidad-liderada-por-el-hospital-local-del-municipio","status":"publish","type":"post","link":"https:\/\/camposerranoradio.com\/home\/2025\/10\/20\/jornada-integral-de-salud-y-bienestar-para-la-comunidad-liderada-por-el-hospital-local-del-municipio\/","title":{"rendered":"JORNADA INTEGRAL DE SALUD Y BIENESTAR PARA LA COMUNIDAD LIDERADA POR EL HOSPITAL LOCAL DEL MUNICIPIO"},"content":{"rendered":"\n<p class=\"has-text-align-left wp-block-paragraph\">Con el prop\u00f3sito de acercar la atenci\u00f3n m\u00e9dica y los programas sociales a los habitantes, el hospital local, a trav\u00e9s del programa PAPSIVI, realiz\u00f3 una completa jornada de salud y bienestar en la que se brindaron servicios en medicina general, odontolog\u00eda, psicolog\u00eda, nutrici\u00f3n y enfermer\u00eda, adem\u00e1s de un punto de vacunaci\u00f3n disponible para toda la comunidad.<\/p>\n\n\n\n<p class=\"has-text-align-left wp-block-paragraph\">Durante la actividad, los asistentes pudieron acceder de manera gratuita a valoraciones m\u00e9dicas, orientaci\u00f3n profesional y acompa\u00f1amiento psicosocial. El evento busc\u00f3 promover la prevenci\u00f3n de enfermedades, el autocuidado y la atenci\u00f3n oportuna en diferentes \u00e1reas de la salud.<\/p>\n\n\n\n<p class=\"has-text-align-left wp-block-paragraph\">La jornada cont\u00f3 con el apoyo de la administraci\u00f3n municipal y de varias entidades como el Departamento Administrativo de Salud (DASA), el Punto de Atenci\u00f3n a V\u00edctimas, Sisb\u00e9n, ICBF, SENA, Nueva EPS, Renta Ciudadana y la Secretar\u00eda de Educaci\u00f3n, quienes trabajaron de forma articulada para garantizar un servicio integral y de calidad.<\/p>\n\n\n\n<p class=\"has-text-align-left wp-block-paragraph\">Con estas acciones, el hospital reafirma su compromiso con el bienestar de la comunidad, fortaleciendo los lazos institucionales y llevando atenci\u00f3n m\u00e9dica m\u00e1s cerca de las familias que m\u00e1s lo necesitan.<\/p>\n","protected":false},"excerpt":{"rendered":"<p>Con el prop\u00f3sito de acercar la atenci\u00f3n m\u00e9dica y los programas sociales a los habitantes, el hospital local, a trav\u00e9s del programa PAPSIVI, realiz\u00f3 una completa jornada de salud y bienestar en la que se brindaron servicios en medicina general, odontolog\u00eda, psicolog\u00eda, nutrici\u00f3n y enfermer\u00eda, adem\u00e1s de un punto de vacunaci\u00f3n disponible para toda la [&hellip;]<\/p>\n","protected":false},"author":2,"featured_media":8759,"comment_status":"open","ping_status":"open","sticky":false,"template":"","format":"standard","meta":{"footnotes":""},"categories":[10,11,13],"tags":[],"class_list":["post-8758","post","type-post","status-publish","format-standard","has-post-thumbnail","hentry","category-general","category-local","category-news"],"_links":{"self":[{"href":"https:\/\/camposerranoradio.com\/home\/wp-json\/wp\/v2\/posts\/8758","targetHints":{"allow":["GET"]}}],"collection":[{"href":"https:\/\/camposerranoradio.com\/home\/wp-json\/wp\/v2\/posts"}],"about":[{"href":"https:\/\/camposerranoradio.com\/home\/wp-json\/wp\/v2\/types\/post"}],"author":[{"embeddable":true,"href":"https:\/\/camposerranoradio.com\/home\/wp-json\/wp\/v2\/users\/2"}],"replies":[{"embeddable":true,"href":"https:\/\/camposerranoradio.com\/home\/wp-json\/wp\/v2\/comments?post=8758"}],"version-history":[{"count":1,"href":"https:\/\/camposerranoradio.com\/home\/wp-json\/wp\/v2\/posts\/8758\/revisions"}],"predecessor-version":[{"id":8760,"href":"https:\/\/camposerranoradio.com\/home\/wp-json\/wp\/v2\/posts\/8758\/revisions\/8760"}],"wp:featuredmedia":[{"embeddable":true,"href":"https:\/\/camposerranoradio.com\/home\/wp-json\/wp\/v2\/media\/8759"}],"wp:attachment":[{"href":"https:\/\/camposerranoradio.com\/home\/wp-json\/wp\/v2\/media?parent=8758"}],"wp:term":[{"taxonomy":"category","embeddable":true,"href":"https:\/\/camposerranoradio.com\/home\/wp-json\/wp\/v2\/categories?post=8758"},{"taxonomy":"post_tag","embeddable":true,"href":"https:\/\/camposerranoradio.com\/home\/wp-json\/wp\/v2\/tags?post=8758"}],"curies":[{"name":"wp","href":"https:\/\/api.w.org\/{rel}","templated":true}]}}