{"id":8761,"date":"2025-10-20T13:02:38","date_gmt":"2025-10-20T13:02:38","guid":{"rendered":"https:\/\/camposerranoradio.com\/home\/?p=8761"},"modified":"2025-10-20T13:02:38","modified_gmt":"2025-10-20T13:02:38","slug":"ciudadanos-piden-control-por-panaderia-que-extendio-sus-mesas-hasta-la-via","status":"publish","type":"post","link":"https:\/\/camposerranoradio.com\/home\/2025\/10\/20\/ciudadanos-piden-control-por-panaderia-que-extendio-sus-mesas-hasta-la-via\/","title":{"rendered":"CIUDADANOS PIDEN CONTROL POR PANADER\u00cdA QUE EXTENDI\u00d3 SUS MESAS HASTA LA V\u00cdA"},"content":{"rendered":"\n<p class=\"has-text-align-left wp-block-paragraph\">En plena zona comercial, una panader\u00eda ha generado pol\u00e9mica entre residentes y transe\u00fantes al extender su atenci\u00f3n al p\u00fablico hasta la calle 5 con carrera 11, donde fueron ubicadas varias mesas sobre la v\u00eda. La situaci\u00f3n ha provocado quejas por parte de quienes consideran que el negocio est\u00e1 invadiendo el espacio p\u00fablico.<\/p>\n\n\n\n<p class=\"has-text-align-left wp-block-paragraph\">Durante las horas de mayor actividad, el paso de peatones y motocicletas se ve afectado por la ocupaci\u00f3n de parte de la calzada, lo que ha incrementado la congesti\u00f3n y generando incomodidad entre los habitantes del sector. Algunos aseguran que la presencia de mobiliario en la calle se ha vuelto constante y dificulta la movilidad.<\/p>\n\n\n\n<p class=\"has-text-align-left wp-block-paragraph\">La ocupaci\u00f3n indebida del espacio p\u00fablico es un tema que se repite en diferentes puntos de la localidad, donde varios establecimientos ampl\u00edan sus \u00e1reas de atenci\u00f3n sin los permisos necesarios. Estas acciones no solo afectan la libre circulaci\u00f3n, sino tambi\u00e9n la imagen urbana de la zona.<\/p>\n\n\n\n<p class=\"has-text-align-left wp-block-paragraph\">Los ciudadanos piden a las autoridades competentes realizar controles m\u00e1s estrictos y aplicar las normas que regulan el uso del espacio p\u00fablico, buscando un equilibrio entre la actividad comercial y el respeto por las \u00e1reas comunes de todos.<\/p>\n","protected":false},"excerpt":{"rendered":"<p>En plena zona comercial, una panader\u00eda ha generado pol\u00e9mica entre residentes y transe\u00fantes al extender su atenci\u00f3n al p\u00fablico hasta la calle 5 con carrera 11, donde fueron ubicadas varias mesas sobre la v\u00eda. La situaci\u00f3n ha provocado quejas por parte de quienes consideran que el negocio est\u00e1 invadiendo el espacio p\u00fablico. Durante las horas [&hellip;]<\/p>\n","protected":false},"author":2,"featured_media":8762,"comment_status":"open","ping_status":"open","sticky":false,"template":"","format":"standard","meta":{"footnotes":""},"categories":[10,11,13],"tags":[],"class_list":["post-8761","post","type-post","status-publish","format-standard","has-post-thumbnail","hentry","category-general","category-local","category-news"],"_links":{"self":[{"href":"https:\/\/camposerranoradio.com\/home\/wp-json\/wp\/v2\/posts\/8761","targetHints":{"allow":["GET"]}}],"collection":[{"href":"https:\/\/camposerranoradio.com\/home\/wp-json\/wp\/v2\/posts"}],"about":[{"href":"https:\/\/camposerranoradio.com\/home\/wp-json\/wp\/v2\/types\/post"}],"author":[{"embeddable":true,"href":"https:\/\/camposerranoradio.com\/home\/wp-json\/wp\/v2\/users\/2"}],"replies":[{"embeddable":true,"href":"https:\/\/camposerranoradio.com\/home\/wp-json\/wp\/v2\/comments?post=8761"}],"version-history":[{"count":1,"href":"https:\/\/camposerranoradio.com\/home\/wp-json\/wp\/v2\/posts\/8761\/revisions"}],"predecessor-version":[{"id":8763,"href":"https:\/\/camposerranoradio.com\/home\/wp-json\/wp\/v2\/posts\/8761\/revisions\/8763"}],"wp:featuredmedia":[{"embeddable":true,"href":"https:\/\/camposerranoradio.com\/home\/wp-json\/wp\/v2\/media\/8762"}],"wp:attachment":[{"href":"https:\/\/camposerranoradio.com\/home\/wp-json\/wp\/v2\/media?parent=8761"}],"wp:term":[{"taxonomy":"category","embeddable":true,"href":"https:\/\/camposerranoradio.com\/home\/wp-json\/wp\/v2\/categories?post=8761"},{"taxonomy":"post_tag","embeddable":true,"href":"https:\/\/camposerranoradio.com\/home\/wp-json\/wp\/v2\/tags?post=8761"}],"curies":[{"name":"wp","href":"https:\/\/api.w.org\/{rel}","templated":true}]}}