{"id":8764,"date":"2025-10-20T13:03:59","date_gmt":"2025-10-20T13:03:59","guid":{"rendered":"https:\/\/camposerranoradio.com\/home\/?p=8764"},"modified":"2025-10-20T13:03:59","modified_gmt":"2025-10-20T13:03:59","slug":"cerca-de-300-personas-participaron-en-jornada-de-seguridad-y-prevencion-ciudadana","status":"publish","type":"post","link":"https:\/\/camposerranoradio.com\/home\/2025\/10\/20\/cerca-de-300-personas-participaron-en-jornada-de-seguridad-y-prevencion-ciudadana\/","title":{"rendered":"CERCA DE 300 PERSONAS PARTICIPARON EN JORNADA DE SEGURIDAD Y PREVENCI\u00d3N CIUDADANA"},"content":{"rendered":"\n<p class=\"has-text-align-left wp-block-paragraph\">La Polic\u00eda Nacional realiz\u00f3 una gran jornada comunitaria en la zona urbana del municipio, enfocada en reforzar la seguridad y crear conciencia sobre la prevenci\u00f3n del delito. Durante la actividad, se llev\u00f3 a cabo la marcaci\u00f3n de motocicletas y se ofrecieron charlas sobre autoprotecci\u00f3n, con el fin de evitar robos y otros hechos que alteren la tranquilidad ciudadana.<\/p>\n\n\n\n<p class=\"has-text-align-left wp-block-paragraph\">En total, m\u00e1s de 30 motocicletas fueron registradas y marcadas tras la verificaci\u00f3n de la documentaci\u00f3n y la identidad de sus propietarios. Con esta estrategia, las autoridades buscan reducir la comercializaci\u00f3n ilegal de autopartes hurtadas y fortalecer los mecanismos de control sobre el parque automotor.<\/p>\n\n\n\n<p class=\"wp-block-paragraph\">La jornada tambi\u00e9n sirvi\u00f3 para promover mensajes de prevenci\u00f3n frente a problem\u00e1ticas como el hurto, la extorsi\u00f3n, la violencia intrafamiliar, las lesiones personales y el homicidio. Cerca de 300 personas, entre j\u00f3venes y adultos, participaron de manera activa, recibiendo orientaci\u00f3n sobre los canales de atenci\u00f3n y comunicaci\u00f3n directa con la Polic\u00eda.<\/p>\n\n\n\n<p class=\"wp-block-paragraph\">Con estas acciones, la instituci\u00f3n contin\u00faa estrechando lazos con la comunidad y reafirma su compromiso de mantener presencia constante en los barrios, fomentando entornos m\u00e1s seguros y una convivencia basada en la confianza ciudadana.<\/p>\n","protected":false},"excerpt":{"rendered":"<p>La Polic\u00eda Nacional realiz\u00f3 una gran jornada comunitaria en la zona urbana del municipio, enfocada en reforzar la seguridad y crear conciencia sobre la prevenci\u00f3n del delito. Durante la actividad, se llev\u00f3 a cabo la marcaci\u00f3n de motocicletas y se ofrecieron charlas sobre autoprotecci\u00f3n, con el fin de evitar robos y otros hechos que alteren [&hellip;]<\/p>\n","protected":false},"author":2,"featured_media":8765,"comment_status":"open","ping_status":"open","sticky":false,"template":"","format":"standard","meta":{"footnotes":""},"categories":[10,30,11,13],"tags":[],"class_list":["post-8764","post","type-post","status-publish","format-standard","has-post-thumbnail","hentry","category-general","category-judicial","category-local","category-news"],"_links":{"self":[{"href":"https:\/\/camposerranoradio.com\/home\/wp-json\/wp\/v2\/posts\/8764","targetHints":{"allow":["GET"]}}],"collection":[{"href":"https:\/\/camposerranoradio.com\/home\/wp-json\/wp\/v2\/posts"}],"about":[{"href":"https:\/\/camposerranoradio.com\/home\/wp-json\/wp\/v2\/types\/post"}],"author":[{"embeddable":true,"href":"https:\/\/camposerranoradio.com\/home\/wp-json\/wp\/v2\/users\/2"}],"replies":[{"embeddable":true,"href":"https:\/\/camposerranoradio.com\/home\/wp-json\/wp\/v2\/comments?post=8764"}],"version-history":[{"count":1,"href":"https:\/\/camposerranoradio.com\/home\/wp-json\/wp\/v2\/posts\/8764\/revisions"}],"predecessor-version":[{"id":8766,"href":"https:\/\/camposerranoradio.com\/home\/wp-json\/wp\/v2\/posts\/8764\/revisions\/8766"}],"wp:featuredmedia":[{"embeddable":true,"href":"https:\/\/camposerranoradio.com\/home\/wp-json\/wp\/v2\/media\/8765"}],"wp:attachment":[{"href":"https:\/\/camposerranoradio.com\/home\/wp-json\/wp\/v2\/media?parent=8764"}],"wp:term":[{"taxonomy":"category","embeddable":true,"href":"https:\/\/camposerranoradio.com\/home\/wp-json\/wp\/v2\/categories?post=8764"},{"taxonomy":"post_tag","embeddable":true,"href":"https:\/\/camposerranoradio.com\/home\/wp-json\/wp\/v2\/tags?post=8764"}],"curies":[{"name":"wp","href":"https:\/\/api.w.org\/{rel}","templated":true}]}}