{"id":8770,"date":"2025-10-21T12:36:31","date_gmt":"2025-10-21T12:36:31","guid":{"rendered":"https:\/\/camposerranoradio.com\/home\/?p=8770"},"modified":"2025-10-21T12:36:31","modified_gmt":"2025-10-21T12:36:31","slug":"presidente-de-la-junta-de-accion-comunal-del-barrio-villasol-denuncia-dano-en-alcantarilla-que-impide-el-paso-vehicular","status":"publish","type":"post","link":"https:\/\/camposerranoradio.com\/home\/2025\/10\/21\/presidente-de-la-junta-de-accion-comunal-del-barrio-villasol-denuncia-dano-en-alcantarilla-que-impide-el-paso-vehicular\/","title":{"rendered":"PRESIDENTE DE LA JUNTA DE ACCI\u00d3N COMUNAL DEL BARRIO VILLASOL DENUNCIA DA\u00d1O EN ALCANTARILLA QUE IMPIDE EL PASO VEHICULAR"},"content":{"rendered":"\n<p class=\"has-text-align-left wp-block-paragraph\">En el barrio Villasol, el presidente de la Junta de Acci\u00f3n Comunal alz\u00f3 la voz para denunciar el mal estado de una alcantarilla que mantiene bloqueado el paso de veh\u00edculos en una de las calles principales del sector. Seg\u00fan explic\u00f3, el da\u00f1o se present\u00f3 luego de que un cami\u00f3n recolector de basura de la empresa Veolia rompiera la estructura hace varios meses.<\/p>\n\n\n\n<p class=\"has-text-align-left wp-block-paragraph\">Desde entonces, la comunidad ha tenido que convivir con el problema sin recibir respuesta efectiva por parte de la empresa. Aunque en su momento se envi\u00f3 una solicitud y personal de Veolia habr\u00eda inspeccionado el sitio, la reparaci\u00f3n nunca se realiz\u00f3, dejando el hueco expuesto y la v\u00eda intransitable.<\/p>\n\n\n\n<p class=\"has-text-align-left wp-block-paragraph\">El deterioro del punto no solo afecta la movilidad, sino tambi\u00e9n la seguridad de los habitantes, ya que representa un riesgo para peatones, motociclistas y veh\u00edculos que intentan cruzar por el \u00e1rea, adem\u00e1s, los vecinos aseguran que el obst\u00e1culo dificulta el acceso de los camiones recolectores y de emergencias.<\/p>\n\n\n\n<p class=\"has-text-align-left wp-block-paragraph\">El presidente comunal hizo un llamado a los entes de control y a la empresa responsable para que tomen cartas en el asunto y reemplacen la alcantarilla da\u00f1ada, permitiendo que la comunidad de Villasol recupere la normalidad en su tr\u00e1nsito y su entorno.<\/p>\n","protected":false},"excerpt":{"rendered":"<p>En el barrio Villasol, el presidente de la Junta de Acci\u00f3n Comunal alz\u00f3 la voz para denunciar el mal estado de una alcantarilla que mantiene bloqueado el paso de veh\u00edculos en una de las calles principales del sector. Seg\u00fan explic\u00f3, el da\u00f1o se present\u00f3 luego de que un cami\u00f3n recolector de basura de la empresa [&hellip;]<\/p>\n","protected":false},"author":2,"featured_media":8771,"comment_status":"open","ping_status":"open","sticky":false,"template":"","format":"standard","meta":{"footnotes":""},"categories":[10,11,13],"tags":[],"class_list":["post-8770","post","type-post","status-publish","format-standard","has-post-thumbnail","hentry","category-general","category-local","category-news"],"_links":{"self":[{"href":"https:\/\/camposerranoradio.com\/home\/wp-json\/wp\/v2\/posts\/8770","targetHints":{"allow":["GET"]}}],"collection":[{"href":"https:\/\/camposerranoradio.com\/home\/wp-json\/wp\/v2\/posts"}],"about":[{"href":"https:\/\/camposerranoradio.com\/home\/wp-json\/wp\/v2\/types\/post"}],"author":[{"embeddable":true,"href":"https:\/\/camposerranoradio.com\/home\/wp-json\/wp\/v2\/users\/2"}],"replies":[{"embeddable":true,"href":"https:\/\/camposerranoradio.com\/home\/wp-json\/wp\/v2\/comments?post=8770"}],"version-history":[{"count":1,"href":"https:\/\/camposerranoradio.com\/home\/wp-json\/wp\/v2\/posts\/8770\/revisions"}],"predecessor-version":[{"id":8772,"href":"https:\/\/camposerranoradio.com\/home\/wp-json\/wp\/v2\/posts\/8770\/revisions\/8772"}],"wp:featuredmedia":[{"embeddable":true,"href":"https:\/\/camposerranoradio.com\/home\/wp-json\/wp\/v2\/media\/8771"}],"wp:attachment":[{"href":"https:\/\/camposerranoradio.com\/home\/wp-json\/wp\/v2\/media?parent=8770"}],"wp:term":[{"taxonomy":"category","embeddable":true,"href":"https:\/\/camposerranoradio.com\/home\/wp-json\/wp\/v2\/categories?post=8770"},{"taxonomy":"post_tag","embeddable":true,"href":"https:\/\/camposerranoradio.com\/home\/wp-json\/wp\/v2\/tags?post=8770"}],"curies":[{"name":"wp","href":"https:\/\/api.w.org\/{rel}","templated":true}]}}