{"id":8773,"date":"2025-10-21T12:56:05","date_gmt":"2025-10-21T12:56:05","guid":{"rendered":"https:\/\/camposerranoradio.com\/home\/?p=8773"},"modified":"2025-10-21T12:56:05","modified_gmt":"2025-10-21T12:56:05","slug":"acciones-conjuntas-dejan-un-capturado-por-hurto-en-la-zona-urbana-del-municipio","status":"publish","type":"post","link":"https:\/\/camposerranoradio.com\/home\/2025\/10\/21\/acciones-conjuntas-dejan-un-capturado-por-hurto-en-la-zona-urbana-del-municipio\/","title":{"rendered":"ACCIONES CONJUNTAS DEJAN UN CAPTURADO POR HURTO EN LA ZONA URBANA DEL MUNICIPIO"},"content":{"rendered":"\n<p class=\"has-text-align-left wp-block-paragraph\">Durante un operativo conjunto entre la Polic\u00eda Nacional y el Ej\u00e9rcito, las autoridades lograron la captura de un joven de 25 a\u00f1os se\u00f1alado de cometer un hurto en el barrio San Jos\u00e9, una de las zonas residenciales del municipio. El hecho ocurri\u00f3 en medio de las labores de registro y control que adelantan los uniformados para reforzar la seguridad ciudadana.<\/p>\n\n\n\n<p class=\"has-text-align-left wp-block-paragraph\">De acuerdo con el reporte oficial, el detenido habr\u00eda sustra\u00eddo un radio port\u00e1til de color negro con franjas azules, avaluado en unos 150 mil pesos. Gracias a la r\u00e1pida reacci\u00f3n de los patrulleros, el objeto fue recuperado y devuelto a su propietario, quien agradeci\u00f3 la intervenci\u00f3n oportuna de las autoridades.<\/p>\n\n\n\n<p class=\"has-text-align-left wp-block-paragraph\">El operativo hace parte de las acciones conjuntas que Polic\u00eda y Ej\u00e9rcito vienen adelantando para reducir los delitos de hurto y mejorar la convivencia en la localidad. Estos controles permiten detectar comportamientos sospechosos y responder de inmediato ante los llamados de la comunidad.<\/p>\n\n\n\n<p class=\"has-text-align-left wp-block-paragraph\">El capturado fue dejado a disposici\u00f3n de la Fiscal\u00eda de Aguachica, mientras las autoridades invitan a los ciudadanos a seguir denunciando cualquier situaci\u00f3n delictiva o irregular a trav\u00e9s de la l\u00ednea 123, con el prop\u00f3sito de mantener el orden y la tranquilidad en la zona.<\/p>\n","protected":false},"excerpt":{"rendered":"<p>Durante un operativo conjunto entre la Polic\u00eda Nacional y el Ej\u00e9rcito, las autoridades lograron la captura de un joven de 25 a\u00f1os se\u00f1alado de cometer un hurto en el barrio San Jos\u00e9, una de las zonas residenciales del municipio. El hecho ocurri\u00f3 en medio de las labores de registro y control que adelantan los uniformados [&hellip;]<\/p>\n","protected":false},"author":2,"featured_media":8774,"comment_status":"open","ping_status":"open","sticky":false,"template":"","format":"standard","meta":{"footnotes":""},"categories":[10,30,11,13],"tags":[],"class_list":["post-8773","post","type-post","status-publish","format-standard","has-post-thumbnail","hentry","category-general","category-judicial","category-local","category-news"],"_links":{"self":[{"href":"https:\/\/camposerranoradio.com\/home\/wp-json\/wp\/v2\/posts\/8773","targetHints":{"allow":["GET"]}}],"collection":[{"href":"https:\/\/camposerranoradio.com\/home\/wp-json\/wp\/v2\/posts"}],"about":[{"href":"https:\/\/camposerranoradio.com\/home\/wp-json\/wp\/v2\/types\/post"}],"author":[{"embeddable":true,"href":"https:\/\/camposerranoradio.com\/home\/wp-json\/wp\/v2\/users\/2"}],"replies":[{"embeddable":true,"href":"https:\/\/camposerranoradio.com\/home\/wp-json\/wp\/v2\/comments?post=8773"}],"version-history":[{"count":1,"href":"https:\/\/camposerranoradio.com\/home\/wp-json\/wp\/v2\/posts\/8773\/revisions"}],"predecessor-version":[{"id":8775,"href":"https:\/\/camposerranoradio.com\/home\/wp-json\/wp\/v2\/posts\/8773\/revisions\/8775"}],"wp:featuredmedia":[{"embeddable":true,"href":"https:\/\/camposerranoradio.com\/home\/wp-json\/wp\/v2\/media\/8774"}],"wp:attachment":[{"href":"https:\/\/camposerranoradio.com\/home\/wp-json\/wp\/v2\/media?parent=8773"}],"wp:term":[{"taxonomy":"category","embeddable":true,"href":"https:\/\/camposerranoradio.com\/home\/wp-json\/wp\/v2\/categories?post=8773"},{"taxonomy":"post_tag","embeddable":true,"href":"https:\/\/camposerranoradio.com\/home\/wp-json\/wp\/v2\/tags?post=8773"}],"curies":[{"name":"wp","href":"https:\/\/api.w.org\/{rel}","templated":true}]}}