{"id":8777,"date":"2025-10-21T12:59:16","date_gmt":"2025-10-21T12:59:16","guid":{"rendered":"https:\/\/camposerranoradio.com\/home\/?p=8777"},"modified":"2025-10-21T12:59:16","modified_gmt":"2025-10-21T12:59:16","slug":"secretaria-de-transito-responde-a-la-comunidad-con-nuevo-plan-de-movilidad-segura","status":"publish","type":"post","link":"https:\/\/camposerranoradio.com\/home\/2025\/10\/21\/secretaria-de-transito-responde-a-la-comunidad-con-nuevo-plan-de-movilidad-segura\/","title":{"rendered":"SECRETAR\u00cdA DE TR\u00c1NSITO RESPONDE A LA COMUNIDAD CON NUEVO PLAN DE MOVILIDAD SEGURA."},"content":{"rendered":"\n<p class=\"has-text-align-left wp-block-paragraph\">Despu\u00e9s de meses de insistencia por parte de los habitantes, la Avenida del Chivo empieza a transformarse con la instalaci\u00f3n de los primeros resaltos viales. Este punto, que durante largo tiempo fue escenario de m\u00faltiples accidentes donde resultaron afectados j\u00f3venes, adultos mayores y motociclistas, finalmente recibe la atenci\u00f3n esperada por la comunidad.<\/p>\n\n\n\n<p class=\"has-text-align-left wp-block-paragraph\">El tramo intervenido, ubicado al inicio de la avenida y diagonal al local conocido como el \u201cT\u00edo Gustavo\u201d, hace parte del proyecto integral de movilidad y se\u00f1alizaci\u00f3n que ejecuta la Secretar\u00eda de Tr\u00e1nsito y Transporte, con una inversi\u00f3n de 1.600 millones de pesos, m\u00e1s los costos de interventor\u00eda. Aunque se rumoraba que solo se intervendr\u00eda este sector, las autoridades aclararon que el plan contempla cuatro puntos adicionales en distintos sectores del municipio.<\/p>\n\n\n\n<p class=\"has-text-align-left wp-block-paragraph\">Entre los lugares priorizados se encuentran la Calle 6 con Carrera 12, as\u00ed como \u00e1reas cercanas a instituciones educativas donde la accidentalidad ha sido frecuente. Las obras incluir\u00e1n resaltos en concreto r\u00edgido, demarcaciones y se\u00f1alizaci\u00f3n conforme a las normas de seguridad vial vigentes.<\/p>\n\n\n\n<p class=\"has-text-align-left wp-block-paragraph\">El director de Tr\u00e1nsito y Transporte, Gelver C\u00e1rdenas, resalt\u00f3 que esta intervenci\u00f3n busca salvaguardar vidas y mejorar la movilidad, atendiendo los reclamos de la comunidad. Adem\u00e1s, reiter\u00f3 el llamado a la ciudadan\u00eda para fortalecer la cultura vial, respetar los l\u00edmites de velocidad y conducir con responsabilidad, recordando que la seguridad en las v\u00edas es una tarea compartida entre autoridades y conductores.<\/p>\n","protected":false},"excerpt":{"rendered":"<p>Despu\u00e9s de meses de insistencia por parte de los habitantes, la Avenida del Chivo empieza a transformarse con la instalaci\u00f3n de los primeros resaltos viales. Este punto, que durante largo tiempo fue escenario de m\u00faltiples accidentes donde resultaron afectados j\u00f3venes, adultos mayores y motociclistas, finalmente recibe la atenci\u00f3n esperada por la comunidad. El tramo intervenido, [&hellip;]<\/p>\n","protected":false},"author":2,"featured_media":8778,"comment_status":"open","ping_status":"open","sticky":false,"template":"","format":"standard","meta":{"footnotes":""},"categories":[10,11,13,14],"tags":[],"class_list":["post-8777","post","type-post","status-publish","format-standard","has-post-thumbnail","hentry","category-general","category-local","category-news","category-politica"],"_links":{"self":[{"href":"https:\/\/camposerranoradio.com\/home\/wp-json\/wp\/v2\/posts\/8777","targetHints":{"allow":["GET"]}}],"collection":[{"href":"https:\/\/camposerranoradio.com\/home\/wp-json\/wp\/v2\/posts"}],"about":[{"href":"https:\/\/camposerranoradio.com\/home\/wp-json\/wp\/v2\/types\/post"}],"author":[{"embeddable":true,"href":"https:\/\/camposerranoradio.com\/home\/wp-json\/wp\/v2\/users\/2"}],"replies":[{"embeddable":true,"href":"https:\/\/camposerranoradio.com\/home\/wp-json\/wp\/v2\/comments?post=8777"}],"version-history":[{"count":1,"href":"https:\/\/camposerranoradio.com\/home\/wp-json\/wp\/v2\/posts\/8777\/revisions"}],"predecessor-version":[{"id":8779,"href":"https:\/\/camposerranoradio.com\/home\/wp-json\/wp\/v2\/posts\/8777\/revisions\/8779"}],"wp:featuredmedia":[{"embeddable":true,"href":"https:\/\/camposerranoradio.com\/home\/wp-json\/wp\/v2\/media\/8778"}],"wp:attachment":[{"href":"https:\/\/camposerranoradio.com\/home\/wp-json\/wp\/v2\/media?parent=8777"}],"wp:term":[{"taxonomy":"category","embeddable":true,"href":"https:\/\/camposerranoradio.com\/home\/wp-json\/wp\/v2\/categories?post=8777"},{"taxonomy":"post_tag","embeddable":true,"href":"https:\/\/camposerranoradio.com\/home\/wp-json\/wp\/v2\/tags?post=8777"}],"curies":[{"name":"wp","href":"https:\/\/api.w.org\/{rel}","templated":true}]}}