{"id":8780,"date":"2025-10-21T13:01:01","date_gmt":"2025-10-21T13:01:01","guid":{"rendered":"https:\/\/camposerranoradio.com\/home\/?p=8780"},"modified":"2025-10-21T13:01:01","modified_gmt":"2025-10-21T13:01:01","slug":"otro-punto-critico-grieta-en-plena-via-genera-riesgo-de-accidentes-nocturnos","status":"publish","type":"post","link":"https:\/\/camposerranoradio.com\/home\/2025\/10\/21\/otro-punto-critico-grieta-en-plena-via-genera-riesgo-de-accidentes-nocturnos\/","title":{"rendered":"OTRO PUNTO CR\u00cdTICO: GRIETA EN PLENA V\u00cdA GENERA RIESGO DE ACCIDENTES NOCTURNOS"},"content":{"rendered":"\n<p class=\"has-text-align-left wp-block-paragraph\">Un hueco ubicado en la intersecci\u00f3n de la carrera 19 con calle 6, en pleno sector comercial del municipio, se ha convertido en una amenaza constante para conductores, motociclistas y peatones que transitan por la zona. La falla en el pavimento, visible justo en la esquina, ha causado maniobras peligrosas y momentos de tensi\u00f3n, sobre todo durante la noche, cuando la visibilidad es reducida.<\/p>\n\n\n\n<p class=\"has-text-align-left wp-block-paragraph\">En el lugar se observa una grieta profunda y levantamiento del asfalto, situaci\u00f3n que obliga a los veh\u00edculos a esquivar el da\u00f1o, generando congesti\u00f3n y riesgo de choques leves. Comerciantes y vecinos del sector han manifestado su preocupaci\u00f3n, se\u00f1alando que han pasado varias semanas sin que se realice una reparaci\u00f3n definitiva.<\/p>\n\n\n\n<p class=\"has-text-align-left wp-block-paragraph\">Este punto, altamente transitado por motos y carros particulares, se encuentra a pocos metros de restaurantes y locales concurridos, lo que incrementa el flujo de personas y el peligro de un accidente. Los residentes piden a las autoridades municipales una intervenci\u00f3n urgente para evitar que el deterioro avance y cause mayores afectaciones.<\/p>\n\n\n\n<p class=\"has-text-align-left wp-block-paragraph\">La comunidad espera que la Secretar\u00eda de Infraestructura incluya este tramo dentro de los planes de mantenimiento vial anunciados recientemente, recordando que cada hueco sin reparar representa un riesgo para la seguridad y la movilidad en el casco urbano.<\/p>\n","protected":false},"excerpt":{"rendered":"<p>Un hueco ubicado en la intersecci\u00f3n de la carrera 19 con calle 6, en pleno sector comercial del municipio, se ha convertido en una amenaza constante para conductores, motociclistas y peatones que transitan por la zona. La falla en el pavimento, visible justo en la esquina, ha causado maniobras peligrosas y momentos de tensi\u00f3n, sobre [&hellip;]<\/p>\n","protected":false},"author":2,"featured_media":8781,"comment_status":"open","ping_status":"open","sticky":false,"template":"","format":"standard","meta":{"footnotes":""},"categories":[10,11,13],"tags":[],"class_list":["post-8780","post","type-post","status-publish","format-standard","has-post-thumbnail","hentry","category-general","category-local","category-news"],"_links":{"self":[{"href":"https:\/\/camposerranoradio.com\/home\/wp-json\/wp\/v2\/posts\/8780","targetHints":{"allow":["GET"]}}],"collection":[{"href":"https:\/\/camposerranoradio.com\/home\/wp-json\/wp\/v2\/posts"}],"about":[{"href":"https:\/\/camposerranoradio.com\/home\/wp-json\/wp\/v2\/types\/post"}],"author":[{"embeddable":true,"href":"https:\/\/camposerranoradio.com\/home\/wp-json\/wp\/v2\/users\/2"}],"replies":[{"embeddable":true,"href":"https:\/\/camposerranoradio.com\/home\/wp-json\/wp\/v2\/comments?post=8780"}],"version-history":[{"count":1,"href":"https:\/\/camposerranoradio.com\/home\/wp-json\/wp\/v2\/posts\/8780\/revisions"}],"predecessor-version":[{"id":8782,"href":"https:\/\/camposerranoradio.com\/home\/wp-json\/wp\/v2\/posts\/8780\/revisions\/8782"}],"wp:featuredmedia":[{"embeddable":true,"href":"https:\/\/camposerranoradio.com\/home\/wp-json\/wp\/v2\/media\/8781"}],"wp:attachment":[{"href":"https:\/\/camposerranoradio.com\/home\/wp-json\/wp\/v2\/media?parent=8780"}],"wp:term":[{"taxonomy":"category","embeddable":true,"href":"https:\/\/camposerranoradio.com\/home\/wp-json\/wp\/v2\/categories?post=8780"},{"taxonomy":"post_tag","embeddable":true,"href":"https:\/\/camposerranoradio.com\/home\/wp-json\/wp\/v2\/tags?post=8780"}],"curies":[{"name":"wp","href":"https:\/\/api.w.org\/{rel}","templated":true}]}}