{"id":8792,"date":"2025-10-22T12:51:43","date_gmt":"2025-10-22T12:51:43","guid":{"rendered":"https:\/\/camposerranoradio.com\/home\/?p=8792"},"modified":"2025-10-22T12:51:43","modified_gmt":"2025-10-22T12:51:43","slug":"la-comunidad-reclama-atencion-para-la-via-en-mal-estado-cerca-del-hospital-regional","status":"publish","type":"post","link":"https:\/\/camposerranoradio.com\/home\/2025\/10\/22\/la-comunidad-reclama-atencion-para-la-via-en-mal-estado-cerca-del-hospital-regional\/","title":{"rendered":"LA COMUNIDAD RECLAMA ATENCI\u00d3N PARA LA V\u00cdA EN MAL ESTADO CERCA DEL HOSPITAL REGIONAL"},"content":{"rendered":"\n<p class=\"has-text-align-left wp-block-paragraph\">Los habitantes del sector ubicado detr\u00e1s del Hospital Regional del municipio vienen expresando su inconformidad por el mal estado de una de las calles de la zona, la \u00fanica que a\u00fan permanece sin pavimentar. Cada vez que llueve, el paso se complica y los transe\u00fantes deben esquivar charcos y barro para poder cruzar.<\/p>\n\n\n\n<p class=\"has-text-align-left wp-block-paragraph\">Las im\u00e1genes del lugar muestran una v\u00eda llena de agua estancada y lodo, que se vuelve intransitable tanto para peatones como para veh\u00edculos peque\u00f1os. Los vecinos aseguran que esta situaci\u00f3n se repite con cada aguacero y que el problema se ha vuelto m\u00e1s notorio por el contraste con las dem\u00e1s calles pavimentadas del sector.<\/p>\n\n\n\n<p class=\"has-text-align-left wp-block-paragraph\">Adem\u00e1s de las dificultades para movilizarse, el deterioro del terreno genera un aspecto descuidado y pone en riesgo la seguridad de quienes viven o transitan por all\u00ed. Los residentes piden a las autoridades municipales que incluyan este tramo en los pr\u00f3ximos planes de mantenimiento vial o programas de pavimentaci\u00f3n.<\/p>\n\n\n\n<p class=\"has-text-align-left wp-block-paragraph\">Mientras tanto, la comunidad insiste en que no se trata de una gran extensi\u00f3n, sino de un corto tramo que, con una intervenci\u00f3n oportuna, podr\u00eda mejorar la movilidad y la imagen del entorno que rodea al hospital. La petici\u00f3n es clara: atenci\u00f3n inmediata para una v\u00eda que, aunque peque\u00f1a, representa una gran molestia para el barrio.<\/p>\n","protected":false},"excerpt":{"rendered":"<p>Los habitantes del sector ubicado detr\u00e1s del Hospital Regional del municipio vienen expresando su inconformidad por el mal estado de una de las calles de la zona, la \u00fanica que a\u00fan permanece sin pavimentar. Cada vez que llueve, el paso se complica y los transe\u00fantes deben esquivar charcos y barro para poder cruzar. Las im\u00e1genes [&hellip;]<\/p>\n","protected":false},"author":2,"featured_media":8793,"comment_status":"open","ping_status":"open","sticky":false,"template":"","format":"standard","meta":{"footnotes":""},"categories":[10,11,13],"tags":[],"class_list":["post-8792","post","type-post","status-publish","format-standard","has-post-thumbnail","hentry","category-general","category-local","category-news"],"_links":{"self":[{"href":"https:\/\/camposerranoradio.com\/home\/wp-json\/wp\/v2\/posts\/8792","targetHints":{"allow":["GET"]}}],"collection":[{"href":"https:\/\/camposerranoradio.com\/home\/wp-json\/wp\/v2\/posts"}],"about":[{"href":"https:\/\/camposerranoradio.com\/home\/wp-json\/wp\/v2\/types\/post"}],"author":[{"embeddable":true,"href":"https:\/\/camposerranoradio.com\/home\/wp-json\/wp\/v2\/users\/2"}],"replies":[{"embeddable":true,"href":"https:\/\/camposerranoradio.com\/home\/wp-json\/wp\/v2\/comments?post=8792"}],"version-history":[{"count":1,"href":"https:\/\/camposerranoradio.com\/home\/wp-json\/wp\/v2\/posts\/8792\/revisions"}],"predecessor-version":[{"id":8794,"href":"https:\/\/camposerranoradio.com\/home\/wp-json\/wp\/v2\/posts\/8792\/revisions\/8794"}],"wp:featuredmedia":[{"embeddable":true,"href":"https:\/\/camposerranoradio.com\/home\/wp-json\/wp\/v2\/media\/8793"}],"wp:attachment":[{"href":"https:\/\/camposerranoradio.com\/home\/wp-json\/wp\/v2\/media?parent=8792"}],"wp:term":[{"taxonomy":"category","embeddable":true,"href":"https:\/\/camposerranoradio.com\/home\/wp-json\/wp\/v2\/categories?post=8792"},{"taxonomy":"post_tag","embeddable":true,"href":"https:\/\/camposerranoradio.com\/home\/wp-json\/wp\/v2\/tags?post=8792"}],"curies":[{"name":"wp","href":"https:\/\/api.w.org\/{rel}","templated":true}]}}