{"id":8801,"date":"2025-10-23T12:30:39","date_gmt":"2025-10-23T12:30:39","guid":{"rendered":"https:\/\/camposerranoradio.com\/home\/?p=8801"},"modified":"2025-10-23T12:30:39","modified_gmt":"2025-10-23T12:30:39","slug":"abren-convocatoria-para-participar-en-jornada-de-conciliacion-gratuita-en-el-municipio","status":"publish","type":"post","link":"https:\/\/camposerranoradio.com\/home\/2025\/10\/23\/abren-convocatoria-para-participar-en-jornada-de-conciliacion-gratuita-en-el-municipio\/","title":{"rendered":"ABREN CONVOCATORIA PARA PARTICIPAR EN JORNADA DE CONCILIACI\u00d3N GRATUITA EN EL MUNICIPIO"},"content":{"rendered":"\n<p class=\"has-text-align-left wp-block-paragraph\">Con el prop\u00f3sito de promover el di\u00e1logo y la resoluci\u00f3n pac\u00edfica de conflictos, la C\u00e1mara de Comercio de Aguachica realizar\u00e1 una Jornada de Conciliaci\u00f3n Gratuita, un espacio donde los ciudadanos podr\u00e1n resolver sus diferencias de manera amigable, r\u00e1pida y sin costo, con el apoyo de un conciliador certificado.<\/p>\n\n\n\n<p class=\"has-text-align-left wp-block-paragraph\">La actividad, avalada por el Ministerio de Justicia y del Derecho, busca acercar los servicios legales a la comunidad y fomentar el uso de mecanismos alternativos para la soluci\u00f3n de problemas cotidianos entre vecinos, familiares o comerciantes.<\/p>\n\n\n\n<p class=\"wp-block-paragraph\">Las personas interesadas pueden inscribir sus casos hasta el mi\u00e9rcoles 29 de octubre, enviando su solicitud al Centro de Conciliaci\u00f3n, Arbitraje y Amigable Composici\u00f3n de la C\u00e1mara de Comercio, ubicado en la Carrera 14 #6-74, barrio Olaya Herrera. Tambi\u00e9n pueden comunicarse al 316 023 3043 ext. 101 o escribir al correo ccaguachica@camaraaguachica.org.co.<\/p>\n\n\n\n<p class=\"wp-block-paragraph\">Con esta jornada, la entidad reafirma su compromiso con la convivencia ciudadana y el acceso a la justicia, ofreciendo alternativas efectivas para solucionar conflictos sin necesidad de acudir a procesos judiciales largos o costosos.<\/p>\n","protected":false},"excerpt":{"rendered":"<p>Con el prop\u00f3sito de promover el di\u00e1logo y la resoluci\u00f3n pac\u00edfica de conflictos, la C\u00e1mara de Comercio de Aguachica realizar\u00e1 una Jornada de Conciliaci\u00f3n Gratuita, un espacio donde los ciudadanos podr\u00e1n resolver sus diferencias de manera amigable, r\u00e1pida y sin costo, con el apoyo de un conciliador certificado. La actividad, avalada por el Ministerio de [&hellip;]<\/p>\n","protected":false},"author":2,"featured_media":8802,"comment_status":"open","ping_status":"open","sticky":false,"template":"","format":"standard","meta":{"footnotes":""},"categories":[10,11,13],"tags":[],"class_list":["post-8801","post","type-post","status-publish","format-standard","has-post-thumbnail","hentry","category-general","category-local","category-news"],"_links":{"self":[{"href":"https:\/\/camposerranoradio.com\/home\/wp-json\/wp\/v2\/posts\/8801","targetHints":{"allow":["GET"]}}],"collection":[{"href":"https:\/\/camposerranoradio.com\/home\/wp-json\/wp\/v2\/posts"}],"about":[{"href":"https:\/\/camposerranoradio.com\/home\/wp-json\/wp\/v2\/types\/post"}],"author":[{"embeddable":true,"href":"https:\/\/camposerranoradio.com\/home\/wp-json\/wp\/v2\/users\/2"}],"replies":[{"embeddable":true,"href":"https:\/\/camposerranoradio.com\/home\/wp-json\/wp\/v2\/comments?post=8801"}],"version-history":[{"count":1,"href":"https:\/\/camposerranoradio.com\/home\/wp-json\/wp\/v2\/posts\/8801\/revisions"}],"predecessor-version":[{"id":8803,"href":"https:\/\/camposerranoradio.com\/home\/wp-json\/wp\/v2\/posts\/8801\/revisions\/8803"}],"wp:featuredmedia":[{"embeddable":true,"href":"https:\/\/camposerranoradio.com\/home\/wp-json\/wp\/v2\/media\/8802"}],"wp:attachment":[{"href":"https:\/\/camposerranoradio.com\/home\/wp-json\/wp\/v2\/media?parent=8801"}],"wp:term":[{"taxonomy":"category","embeddable":true,"href":"https:\/\/camposerranoradio.com\/home\/wp-json\/wp\/v2\/categories?post=8801"},{"taxonomy":"post_tag","embeddable":true,"href":"https:\/\/camposerranoradio.com\/home\/wp-json\/wp\/v2\/tags?post=8801"}],"curies":[{"name":"wp","href":"https:\/\/api.w.org\/{rel}","templated":true}]}}