{"id":8807,"date":"2025-10-23T12:48:43","date_gmt":"2025-10-23T12:48:43","guid":{"rendered":"https:\/\/camposerranoradio.com\/home\/?p=8807"},"modified":"2025-10-23T12:49:10","modified_gmt":"2025-10-23T12:49:10","slug":"alcaldia-impulsa-proceso-de-autorreconocimiento-etnico-en-la-localidad","status":"publish","type":"post","link":"https:\/\/camposerranoradio.com\/home\/2025\/10\/23\/alcaldia-impulsa-proceso-de-autorreconocimiento-etnico-en-la-localidad\/","title":{"rendered":"ALCALD\u00cdA IMPULSA PROCESO DE AUTORRECONOCIMIENTO \u00c9TNICO EN LA LOCALIDAD"},"content":{"rendered":"\n<p class=\"wp-block-paragraph\">Con el objetivo de fortalecer el reconocimiento \u00e9tnico y cultural en la comunidad, la Alcald\u00eda de Aguachica, a trav\u00e9s de la Secretar\u00eda de Gobierno y con el apoyo del Ministerio del Interior, realizar\u00e1 una Jornada de Certificaci\u00f3n de Autorreconocimiento dirigida a las comunidades negras, afro, raizales y palenqueras.<\/p>\n\n\n\n<p class=\"wp-block-paragraph\">La actividad se desarrollar\u00e1 los d\u00edas jueves 23 y viernes 24 de octubre en el auditorio del Punto de V\u00edctimas, en horarios de 10:00 a.m. a 12:00 m. y de 2:00 p.m. a 5:00 p.m. el jueves, y de 8:00 a.m. a 12:00 m. el viernes. Durante estas jornadas se atender\u00e1 a los ciudadanos que deseen realizar su proceso de certificaci\u00f3n oficial de pertenencia \u00e9tnica.<\/p>\n\n\n\n<p class=\"wp-block-paragraph\">Para participar, los asistentes deber\u00e1n presentar su documento de identidad escaneado directamente del original en formato digital, ya que no se recibir\u00e1n copias f\u00edsicas. Este requisito es indispensable para validar el registro de cada participante ante las autoridades competentes.<\/p>\n","protected":false},"excerpt":{"rendered":"<p>Con el objetivo de fortalecer el reconocimiento \u00e9tnico y cultural en la comunidad, la Alcald\u00eda de Aguachica, a trav\u00e9s de la Secretar\u00eda de Gobierno y con el apoyo del Ministerio del Interior, realizar\u00e1 una Jornada de Certificaci\u00f3n de Autorreconocimiento dirigida a las comunidades negras, afro, raizales y palenqueras. La actividad se desarrollar\u00e1 los d\u00edas jueves [&hellip;]<\/p>\n","protected":false},"author":2,"featured_media":8808,"comment_status":"open","ping_status":"open","sticky":false,"template":"","format":"standard","meta":{"footnotes":""},"categories":[10,11,13],"tags":[],"class_list":["post-8807","post","type-post","status-publish","format-standard","has-post-thumbnail","hentry","category-general","category-local","category-news"],"_links":{"self":[{"href":"https:\/\/camposerranoradio.com\/home\/wp-json\/wp\/v2\/posts\/8807","targetHints":{"allow":["GET"]}}],"collection":[{"href":"https:\/\/camposerranoradio.com\/home\/wp-json\/wp\/v2\/posts"}],"about":[{"href":"https:\/\/camposerranoradio.com\/home\/wp-json\/wp\/v2\/types\/post"}],"author":[{"embeddable":true,"href":"https:\/\/camposerranoradio.com\/home\/wp-json\/wp\/v2\/users\/2"}],"replies":[{"embeddable":true,"href":"https:\/\/camposerranoradio.com\/home\/wp-json\/wp\/v2\/comments?post=8807"}],"version-history":[{"count":2,"href":"https:\/\/camposerranoradio.com\/home\/wp-json\/wp\/v2\/posts\/8807\/revisions"}],"predecessor-version":[{"id":8810,"href":"https:\/\/camposerranoradio.com\/home\/wp-json\/wp\/v2\/posts\/8807\/revisions\/8810"}],"wp:featuredmedia":[{"embeddable":true,"href":"https:\/\/camposerranoradio.com\/home\/wp-json\/wp\/v2\/media\/8808"}],"wp:attachment":[{"href":"https:\/\/camposerranoradio.com\/home\/wp-json\/wp\/v2\/media?parent=8807"}],"wp:term":[{"taxonomy":"category","embeddable":true,"href":"https:\/\/camposerranoradio.com\/home\/wp-json\/wp\/v2\/categories?post=8807"},{"taxonomy":"post_tag","embeddable":true,"href":"https:\/\/camposerranoradio.com\/home\/wp-json\/wp\/v2\/tags?post=8807"}],"curies":[{"name":"wp","href":"https:\/\/api.w.org\/{rel}","templated":true}]}}