{"id":8812,"date":"2025-10-24T12:36:48","date_gmt":"2025-10-24T12:36:48","guid":{"rendered":"https:\/\/camposerranoradio.com\/home\/?p=8812"},"modified":"2025-10-24T12:36:48","modified_gmt":"2025-10-24T12:36:48","slug":"de-la-mano-por-mejores-alimentos-y-un-mejor-futuro-jornada-por-la-salud-y-la-buena-alimentacion","status":"publish","type":"post","link":"https:\/\/camposerranoradio.com\/home\/2025\/10\/24\/de-la-mano-por-mejores-alimentos-y-un-mejor-futuro-jornada-por-la-salud-y-la-buena-alimentacion\/","title":{"rendered":"\u201cDE LA MANO POR MEJORES ALIMENTOS Y UN MEJOR FUTURO\u201d: JORNADA POR LA SALUD Y LA BUENA ALIMENTACI\u00d3N"},"content":{"rendered":"\n<p class=\"has-text-align-left wp-block-paragraph\">El compromiso por una vida m\u00e1s saludable volvi\u00f3 a sentirse en la localidad con la realizaci\u00f3n de la Feria de la Alimentaci\u00f3n, una iniciativa que reuni\u00f3 a distintas instituciones con un mismo prop\u00f3sito: fomentar buenos h\u00e1bitos alimenticios y fortalecer la seguridad nutricional de la comunidad.<\/p>\n\n\n\n<p class=\"has-text-align-left wp-block-paragraph\">El evento se desarroll\u00f3 bajo el lema \u201cDe la mano por mejores alimentos y un mejor futuro\u201d, contando con la participaci\u00f3n activa del Hospital Local, el Departamento Administrativo de Salud (DASA) y el respaldo de la alcald\u00eda, quienes lideraron esta actividad a trav\u00e9s del Plan de Intervenciones Colectivas<\/p>\n\n\n\n<p class=\"has-text-align-left wp-block-paragraph\">A la jornada tambi\u00e9n se sumaron entidades como el SENA, el ICBF, Casa Taller y Centro Vida, aportando sus conocimientos y estrategias para orientar a ni\u00f1os, j\u00f3venes y adultos sobre la importancia de una alimentaci\u00f3n balanceada y responsable.<\/p>\n\n\n\n<p class=\"has-text-align-left wp-block-paragraph\">Con esta feria, las instituciones participantes reafirmaron su compromiso con la promoci\u00f3n de la salud y el bienestar integral, impulsando la creaci\u00f3n de entornos m\u00e1s saludables y una mejor calidad de vida para todos los habitantes del municipio.<\/p>\n","protected":false},"excerpt":{"rendered":"<p>El compromiso por una vida m\u00e1s saludable volvi\u00f3 a sentirse en la localidad con la realizaci\u00f3n de la Feria de la Alimentaci\u00f3n, una iniciativa que reuni\u00f3 a distintas instituciones con un mismo prop\u00f3sito: fomentar buenos h\u00e1bitos alimenticios y fortalecer la seguridad nutricional de la comunidad. El evento se desarroll\u00f3 bajo el lema \u201cDe la mano [&hellip;]<\/p>\n","protected":false},"author":2,"featured_media":8813,"comment_status":"open","ping_status":"open","sticky":false,"template":"","format":"standard","meta":{"footnotes":""},"categories":[10,11,13],"tags":[],"class_list":["post-8812","post","type-post","status-publish","format-standard","has-post-thumbnail","hentry","category-general","category-local","category-news"],"_links":{"self":[{"href":"https:\/\/camposerranoradio.com\/home\/wp-json\/wp\/v2\/posts\/8812","targetHints":{"allow":["GET"]}}],"collection":[{"href":"https:\/\/camposerranoradio.com\/home\/wp-json\/wp\/v2\/posts"}],"about":[{"href":"https:\/\/camposerranoradio.com\/home\/wp-json\/wp\/v2\/types\/post"}],"author":[{"embeddable":true,"href":"https:\/\/camposerranoradio.com\/home\/wp-json\/wp\/v2\/users\/2"}],"replies":[{"embeddable":true,"href":"https:\/\/camposerranoradio.com\/home\/wp-json\/wp\/v2\/comments?post=8812"}],"version-history":[{"count":1,"href":"https:\/\/camposerranoradio.com\/home\/wp-json\/wp\/v2\/posts\/8812\/revisions"}],"predecessor-version":[{"id":8814,"href":"https:\/\/camposerranoradio.com\/home\/wp-json\/wp\/v2\/posts\/8812\/revisions\/8814"}],"wp:featuredmedia":[{"embeddable":true,"href":"https:\/\/camposerranoradio.com\/home\/wp-json\/wp\/v2\/media\/8813"}],"wp:attachment":[{"href":"https:\/\/camposerranoradio.com\/home\/wp-json\/wp\/v2\/media?parent=8812"}],"wp:term":[{"taxonomy":"category","embeddable":true,"href":"https:\/\/camposerranoradio.com\/home\/wp-json\/wp\/v2\/categories?post=8812"},{"taxonomy":"post_tag","embeddable":true,"href":"https:\/\/camposerranoradio.com\/home\/wp-json\/wp\/v2\/tags?post=8812"}],"curies":[{"name":"wp","href":"https:\/\/api.w.org\/{rel}","templated":true}]}}