{"id":8818,"date":"2025-10-24T12:48:57","date_gmt":"2025-10-24T12:48:57","guid":{"rendered":"https:\/\/camposerranoradio.com\/home\/?p=8818"},"modified":"2025-10-24T12:48:57","modified_gmt":"2025-10-24T12:48:57","slug":"hombre-capturado-en-la-zona-urbana-por-porte-ilegal-de-armas","status":"publish","type":"post","link":"https:\/\/camposerranoradio.com\/home\/2025\/10\/24\/hombre-capturado-en-la-zona-urbana-por-porte-ilegal-de-armas\/","title":{"rendered":"HOMBRE CAPTURADO EN LA ZONA URBANA POR PORTE ILEGAL DE ARMAS"},"content":{"rendered":"\n<p class=\"has-text-align-left wp-block-paragraph\">Un hombre fue detenido por la Polic\u00eda durante un operativo de registro en la zona norte del municipio, luego de confirmarse que ten\u00eda una orden judicial vigente por porte ilegal de armas de fuego.<\/p>\n\n\n\n<p class=\"has-text-align-left wp-block-paragraph\">El procedimiento se realiz\u00f3 en horas de la tarde del martes 21 de octubre de 2025, cuando uniformados patrullaban la calle 10 norte con carrera 32. Durante las verificaciones de rutina a varios transe\u00fantes, el sistema arroj\u00f3 que uno de ellos era requerido por las autoridades judiciales.<\/p>\n\n\n\n<p class=\"has-text-align-left wp-block-paragraph\">Seg\u00fan el reporte, la orden de captura fue emitida por el Juzgado Penal del Circuito con Funci\u00f3n de Conocimiento N.\u00ba 2, por los delitos de fabricaci\u00f3n, tr\u00e1fico y porte de armas de fuego o municiones, de inmediato, los agentes procedieron a su detenci\u00f3n y traslado al comando para el proceso correspondiente.<\/p>\n\n\n\n<p class=\"has-text-align-left wp-block-paragraph\">El ciudadano qued\u00f3 a disposici\u00f3n de la Fiscal\u00eda de turno, mientras avanzan las diligencias judiciales, entre tanto, la Polic\u00eda reiter\u00f3 su compromiso de continuar los controles en distintos puntos del municipio, con el fin de reforzar la seguridad y prevenir hechos delictivos.<\/p>\n","protected":false},"excerpt":{"rendered":"<p>Un hombre fue detenido por la Polic\u00eda durante un operativo de registro en la zona norte del municipio, luego de confirmarse que ten\u00eda una orden judicial vigente por porte ilegal de armas de fuego. El procedimiento se realiz\u00f3 en horas de la tarde del martes 21 de octubre de 2025, cuando uniformados patrullaban la calle [&hellip;]<\/p>\n","protected":false},"author":2,"featured_media":8819,"comment_status":"open","ping_status":"open","sticky":false,"template":"","format":"standard","meta":{"footnotes":""},"categories":[10,30,11,13],"tags":[],"class_list":["post-8818","post","type-post","status-publish","format-standard","has-post-thumbnail","hentry","category-general","category-judicial","category-local","category-news"],"_links":{"self":[{"href":"https:\/\/camposerranoradio.com\/home\/wp-json\/wp\/v2\/posts\/8818","targetHints":{"allow":["GET"]}}],"collection":[{"href":"https:\/\/camposerranoradio.com\/home\/wp-json\/wp\/v2\/posts"}],"about":[{"href":"https:\/\/camposerranoradio.com\/home\/wp-json\/wp\/v2\/types\/post"}],"author":[{"embeddable":true,"href":"https:\/\/camposerranoradio.com\/home\/wp-json\/wp\/v2\/users\/2"}],"replies":[{"embeddable":true,"href":"https:\/\/camposerranoradio.com\/home\/wp-json\/wp\/v2\/comments?post=8818"}],"version-history":[{"count":1,"href":"https:\/\/camposerranoradio.com\/home\/wp-json\/wp\/v2\/posts\/8818\/revisions"}],"predecessor-version":[{"id":8820,"href":"https:\/\/camposerranoradio.com\/home\/wp-json\/wp\/v2\/posts\/8818\/revisions\/8820"}],"wp:featuredmedia":[{"embeddable":true,"href":"https:\/\/camposerranoradio.com\/home\/wp-json\/wp\/v2\/media\/8819"}],"wp:attachment":[{"href":"https:\/\/camposerranoradio.com\/home\/wp-json\/wp\/v2\/media?parent=8818"}],"wp:term":[{"taxonomy":"category","embeddable":true,"href":"https:\/\/camposerranoradio.com\/home\/wp-json\/wp\/v2\/categories?post=8818"},{"taxonomy":"post_tag","embeddable":true,"href":"https:\/\/camposerranoradio.com\/home\/wp-json\/wp\/v2\/tags?post=8818"}],"curies":[{"name":"wp","href":"https:\/\/api.w.org\/{rel}","templated":true}]}}