{"id":8827,"date":"2025-10-27T12:47:19","date_gmt":"2025-10-27T12:47:19","guid":{"rendered":"https:\/\/camposerranoradio.com\/home\/?p=8827"},"modified":"2025-10-27T12:47:19","modified_gmt":"2025-10-27T12:47:19","slug":"el-municipio-celebro-el-dia-del-artista-este-sabado-25-de-octubre-en-el-coliseo-ciudadela-de-la-paz","status":"publish","type":"post","link":"https:\/\/camposerranoradio.com\/home\/2025\/10\/27\/el-municipio-celebro-el-dia-del-artista-este-sabado-25-de-octubre-en-el-coliseo-ciudadela-de-la-paz\/","title":{"rendered":"EL MUNICIPIO CELEBR\u00d3 EL D\u00cdA DEL ARTISTA ESTE S\u00c1BADO 25 DE OCTUBRE EN EL COLISEO CIUDADELA DE LA PAZ."},"content":{"rendered":"\n<p class=\"has-text-align-left wp-block-paragraph\">El evento reuni\u00f3 a m\u00fasicos, poetas, pintores, escultores y bailarines en una jornada llena de color, cultura y alegr\u00eda que dej\u00f3 en alto el nombre de los artistas aguachiquenses.<\/p>\n\n\n\n<p class=\"has-text-align-left wp-block-paragraph\">Durante la actividad se realiz\u00f3 el Primer Festival de Acorde\u00f3n \u201cPromotores de Paz\u201d, que cont\u00f3 con la participaci\u00f3n de agrupaciones y concursantes provenientes de distintos municipios del Cesar. El p\u00fablico disfrut\u00f3 de presentaciones en vivo, muestras art\u00edsticas y una variada programaci\u00f3n que mantuvo la energ\u00eda encendida durante el evento.<\/p>\n\n\n\n<p class=\"has-text-align-left wp-block-paragraph\">Los jurados de esta primera edici\u00f3n fueron Sigilfredo Marchena, Freddy Herrera y Deiner Jes\u00fas Gelvez, quienes tuvieron la tarea de evaluar el talento de los participantes; el evento tambi\u00e9n cont\u00f3 con la presencia del periodista Guzm\u00e1n Angarita, quien fue el orador principal y destac\u00f3 la importancia del arte como herramienta de uni\u00f3n y transformaci\u00f3n social.<\/p>\n\n\n\n<p class=\"has-text-align-left wp-block-paragraph\">El gran ganador del festival fue Juanfrank Angarita, quien conquist\u00f3 al p\u00fablico y al jurado con su impecable interpretaci\u00f3n de temas como \u201cQu\u00e9 Dolor\u201d (paseo, de Jorge O\u00f1ate), \u201cFidelina\u201d (son, de Alejo Dur\u00e1n), \u201cLa Penita\u201d (merengue, de Leandro D\u00edaz) y \u201cD\u00e9jala Ven\u00ed\u201d (puya, de Nafer Dur\u00e1n). Con esta celebraci\u00f3n, Aguachica reafirma su compromiso con la cultura y el talento local, demostrando que el arte sigue siendo uno de los pilares m\u00e1s valiosos de la identidad del municipio.<\/p>\n","protected":false},"excerpt":{"rendered":"<p>El evento reuni\u00f3 a m\u00fasicos, poetas, pintores, escultores y bailarines en una jornada llena de color, cultura y alegr\u00eda que dej\u00f3 en alto el nombre de los artistas aguachiquenses. Durante la actividad se realiz\u00f3 el Primer Festival de Acorde\u00f3n \u201cPromotores de Paz\u201d, que cont\u00f3 con la participaci\u00f3n de agrupaciones y concursantes provenientes de distintos municipios [&hellip;]<\/p>\n","protected":false},"author":2,"featured_media":8828,"comment_status":"open","ping_status":"open","sticky":false,"template":"","format":"standard","meta":{"footnotes":""},"categories":[4,10,11,13,5],"tags":[],"class_list":["post-8827","post","type-post","status-publish","format-standard","has-post-thumbnail","hentry","category-entertainment","category-general","category-local","category-news","category-regional"],"_links":{"self":[{"href":"https:\/\/camposerranoradio.com\/home\/wp-json\/wp\/v2\/posts\/8827","targetHints":{"allow":["GET"]}}],"collection":[{"href":"https:\/\/camposerranoradio.com\/home\/wp-json\/wp\/v2\/posts"}],"about":[{"href":"https:\/\/camposerranoradio.com\/home\/wp-json\/wp\/v2\/types\/post"}],"author":[{"embeddable":true,"href":"https:\/\/camposerranoradio.com\/home\/wp-json\/wp\/v2\/users\/2"}],"replies":[{"embeddable":true,"href":"https:\/\/camposerranoradio.com\/home\/wp-json\/wp\/v2\/comments?post=8827"}],"version-history":[{"count":1,"href":"https:\/\/camposerranoradio.com\/home\/wp-json\/wp\/v2\/posts\/8827\/revisions"}],"predecessor-version":[{"id":8829,"href":"https:\/\/camposerranoradio.com\/home\/wp-json\/wp\/v2\/posts\/8827\/revisions\/8829"}],"wp:featuredmedia":[{"embeddable":true,"href":"https:\/\/camposerranoradio.com\/home\/wp-json\/wp\/v2\/media\/8828"}],"wp:attachment":[{"href":"https:\/\/camposerranoradio.com\/home\/wp-json\/wp\/v2\/media?parent=8827"}],"wp:term":[{"taxonomy":"category","embeddable":true,"href":"https:\/\/camposerranoradio.com\/home\/wp-json\/wp\/v2\/categories?post=8827"},{"taxonomy":"post_tag","embeddable":true,"href":"https:\/\/camposerranoradio.com\/home\/wp-json\/wp\/v2\/tags?post=8827"}],"curies":[{"name":"wp","href":"https:\/\/api.w.org\/{rel}","templated":true}]}}