{"id":8842,"date":"2025-10-28T12:46:17","date_gmt":"2025-10-28T12:46:17","guid":{"rendered":"https:\/\/camposerranoradio.com\/home\/?p=8842"},"modified":"2025-10-28T12:46:17","modified_gmt":"2025-10-28T12:46:17","slug":"abandono-total-parque-potosi-convertido-en-refugio-de-consumo-y-olvido","status":"publish","type":"post","link":"https:\/\/camposerranoradio.com\/home\/2025\/10\/28\/abandono-total-parque-potosi-convertido-en-refugio-de-consumo-y-olvido\/","title":{"rendered":"ABANDONO TOTAL: PARQUE POTOS\u00cd CONVERTIDO EN REFUGIO DE CONSUMO Y OLVIDO"},"content":{"rendered":"\n<p class=\"has-text-align-left wp-block-paragraph\">En la zona de la 20 con 7, los vecinos han alzado su voz para denunciar el preocupante abandono del parque Potos\u00ed. A tan solo unos pasos de la cancha sint\u00e9tica, donde a diario se re\u00fanen ni\u00f1os, j\u00f3venes y adultos para disfrutar del deporte, se encuentra un parque que hoy refleja el descuido institucional y la falta de mantenimiento.<\/p>\n\n\n\n<p class=\"has-text-align-left wp-block-paragraph\">Mientras la cancha vibra con el sonido de los goles y la convivencia, el parque contiguo muestra una realidad muy diferente. Entre basuras, bancas da\u00f1adas y maleza crecida, el lugar ha sido ocupado por personas en situaci\u00f3n de calle; algunas pernoctan all\u00ed, otras consumen licor o sustancias, generando preocupaci\u00f3n en la comunidad por la inseguridad que se vive en el sector.<\/p>\n\n\n\n<p class=\"wp-block-paragraph\">Los habitantes aseguran que la situaci\u00f3n lleva meses sin ser atendida. Pese a los llamados hechos a las autoridades competentes, no se ha visto una acci\u00f3n concreta para recuperar este espacio p\u00fablico que alguna vez fue punto de encuentro familiar y recreativo. El deterioro del parque contrasta con el movimiento positivo que se genera en la cancha vecina, dejando en evidencia la falta de gesti\u00f3n y seguimiento.<\/p>\n\n\n\n<p class=\"wp-block-paragraph\">Desde el respeto hacia quienes hoy permanecen en el lugar, la comunidad pide una intervenci\u00f3n urgente que incluya no solo la recuperaci\u00f3n del espacio, sino tambi\u00e9n apoyo social y acompa\u00f1amiento para las personas que lo habitan. Quieren volver a ver el parque Potos\u00ed limpio, seguro y al servicio de todos.<\/p>\n","protected":false},"excerpt":{"rendered":"<p>En la zona de la 20 con 7, los vecinos han alzado su voz para denunciar el preocupante abandono del parque Potos\u00ed. A tan solo unos pasos de la cancha sint\u00e9tica, donde a diario se re\u00fanen ni\u00f1os, j\u00f3venes y adultos para disfrutar del deporte, se encuentra un parque que hoy refleja el descuido institucional y [&hellip;]<\/p>\n","protected":false},"author":2,"featured_media":8843,"comment_status":"open","ping_status":"open","sticky":false,"template":"","format":"standard","meta":{"footnotes":""},"categories":[10,11,13],"tags":[],"class_list":["post-8842","post","type-post","status-publish","format-standard","has-post-thumbnail","hentry","category-general","category-local","category-news"],"_links":{"self":[{"href":"https:\/\/camposerranoradio.com\/home\/wp-json\/wp\/v2\/posts\/8842","targetHints":{"allow":["GET"]}}],"collection":[{"href":"https:\/\/camposerranoradio.com\/home\/wp-json\/wp\/v2\/posts"}],"about":[{"href":"https:\/\/camposerranoradio.com\/home\/wp-json\/wp\/v2\/types\/post"}],"author":[{"embeddable":true,"href":"https:\/\/camposerranoradio.com\/home\/wp-json\/wp\/v2\/users\/2"}],"replies":[{"embeddable":true,"href":"https:\/\/camposerranoradio.com\/home\/wp-json\/wp\/v2\/comments?post=8842"}],"version-history":[{"count":1,"href":"https:\/\/camposerranoradio.com\/home\/wp-json\/wp\/v2\/posts\/8842\/revisions"}],"predecessor-version":[{"id":8844,"href":"https:\/\/camposerranoradio.com\/home\/wp-json\/wp\/v2\/posts\/8842\/revisions\/8844"}],"wp:featuredmedia":[{"embeddable":true,"href":"https:\/\/camposerranoradio.com\/home\/wp-json\/wp\/v2\/media\/8843"}],"wp:attachment":[{"href":"https:\/\/camposerranoradio.com\/home\/wp-json\/wp\/v2\/media?parent=8842"}],"wp:term":[{"taxonomy":"category","embeddable":true,"href":"https:\/\/camposerranoradio.com\/home\/wp-json\/wp\/v2\/categories?post=8842"},{"taxonomy":"post_tag","embeddable":true,"href":"https:\/\/camposerranoradio.com\/home\/wp-json\/wp\/v2\/tags?post=8842"}],"curies":[{"name":"wp","href":"https:\/\/api.w.org\/{rel}","templated":true}]}}