{"id":8845,"date":"2025-10-29T12:16:32","date_gmt":"2025-10-29T12:16:32","guid":{"rendered":"https:\/\/camposerranoradio.com\/home\/?p=8845"},"modified":"2025-10-29T12:16:32","modified_gmt":"2025-10-29T12:16:32","slug":"hoy-se-realiza-jornada-unica-de-incorporacion-a-la-armada-en-el-municipio","status":"publish","type":"post","link":"https:\/\/camposerranoradio.com\/home\/2025\/10\/29\/hoy-se-realiza-jornada-unica-de-incorporacion-a-la-armada-en-el-municipio\/","title":{"rendered":"HOY SE REALIZA JORNADA \u00daNICA DE INCORPORACI\u00d3N A LA ARMADA EN EL MUNICIPIO"},"content":{"rendered":"\n<p class=\"has-text-align-left wp-block-paragraph\">La Armada Nacional de Colombia realiza hoy una jornada \u00fanica de incorporaci\u00f3n dirigida a los j\u00f3venes del departamento del Cesar que deseen prestar su servicio militar en el cuerpo de Infanter\u00eda de Marina, una oportunidad que busca fortalecer la protecci\u00f3n de los mares, r\u00edos y costas del pa\u00eds mientras brinda a los participantes la posibilidad de crecer personal y profesionalmente.<\/p>\n\n\n\n<p class=\"has-text-align-left wp-block-paragraph\">Durante su tiempo de servicio, los j\u00f3venes recibir\u00e1n una bonificaci\u00f3n mensual equivalente a un salario m\u00ednimo legal vigente, junto con cobertura total en salud, vestuario y alimentaci\u00f3n, adem\u00e1s de un salario adicional al finalizar su labor como reconocimiento a su compromiso con la instituci\u00f3n y el pa\u00eds, lo que convierte esta experiencia en una puerta abierta para construir un mejor futuro.<\/p>\n\n\n\n<p class=\"wp-block-paragraph\">La jornada se lleva a cabo hoy, domingo 27 de octubre, desde las 7:00 de la ma\u00f1ana en el Colegio San Miguel del municipio, donde los interesados podr\u00e1n presentarse directamente, contando adem\u00e1s con apoyo en transporte desde diferentes puntos del departamento para facilitar su desplazamiento y garantizar su participaci\u00f3n en esta convocatoria especial.<\/p>\n\n\n\n<p class=\"wp-block-paragraph\">El proceso est\u00e1 liderado por el Distrito de Incorporaci\u00f3n Naval No. 7 de Bucaramanga, que invita a los j\u00f3venes entre 18 y 23 a\u00f1os a aprovechar esta oportunidad de servir con orgullo y ser parte de una de las instituciones m\u00e1s respetadas del pa\u00eds, para m\u00e1s informaci\u00f3n pueden comunicarse al n\u00famero 324 3980399.<\/p>\n","protected":false},"excerpt":{"rendered":"<p>La Armada Nacional de Colombia realiza hoy una jornada \u00fanica de incorporaci\u00f3n dirigida a los j\u00f3venes del departamento del Cesar que deseen prestar su servicio militar en el cuerpo de Infanter\u00eda de Marina, una oportunidad que busca fortalecer la protecci\u00f3n de los mares, r\u00edos y costas del pa\u00eds mientras brinda a los participantes la posibilidad [&hellip;]<\/p>\n","protected":false},"author":2,"featured_media":8846,"comment_status":"open","ping_status":"open","sticky":false,"template":"","format":"standard","meta":{"footnotes":""},"categories":[10,11,13],"tags":[],"class_list":["post-8845","post","type-post","status-publish","format-standard","has-post-thumbnail","hentry","category-general","category-local","category-news"],"_links":{"self":[{"href":"https:\/\/camposerranoradio.com\/home\/wp-json\/wp\/v2\/posts\/8845","targetHints":{"allow":["GET"]}}],"collection":[{"href":"https:\/\/camposerranoradio.com\/home\/wp-json\/wp\/v2\/posts"}],"about":[{"href":"https:\/\/camposerranoradio.com\/home\/wp-json\/wp\/v2\/types\/post"}],"author":[{"embeddable":true,"href":"https:\/\/camposerranoradio.com\/home\/wp-json\/wp\/v2\/users\/2"}],"replies":[{"embeddable":true,"href":"https:\/\/camposerranoradio.com\/home\/wp-json\/wp\/v2\/comments?post=8845"}],"version-history":[{"count":1,"href":"https:\/\/camposerranoradio.com\/home\/wp-json\/wp\/v2\/posts\/8845\/revisions"}],"predecessor-version":[{"id":8847,"href":"https:\/\/camposerranoradio.com\/home\/wp-json\/wp\/v2\/posts\/8845\/revisions\/8847"}],"wp:featuredmedia":[{"embeddable":true,"href":"https:\/\/camposerranoradio.com\/home\/wp-json\/wp\/v2\/media\/8846"}],"wp:attachment":[{"href":"https:\/\/camposerranoradio.com\/home\/wp-json\/wp\/v2\/media?parent=8845"}],"wp:term":[{"taxonomy":"category","embeddable":true,"href":"https:\/\/camposerranoradio.com\/home\/wp-json\/wp\/v2\/categories?post=8845"},{"taxonomy":"post_tag","embeddable":true,"href":"https:\/\/camposerranoradio.com\/home\/wp-json\/wp\/v2\/tags?post=8845"}],"curies":[{"name":"wp","href":"https:\/\/api.w.org\/{rel}","templated":true}]}}