{"id":8860,"date":"2025-10-30T12:43:53","date_gmt":"2025-10-30T12:43:53","guid":{"rendered":"https:\/\/camposerranoradio.com\/home\/?p=8860"},"modified":"2025-10-30T12:43:53","modified_gmt":"2025-10-30T12:43:53","slug":"choque-entre-dos-motocicletas-seria-consecuencia-de-una-falla-en-los-frenos","status":"publish","type":"post","link":"https:\/\/camposerranoradio.com\/home\/2025\/10\/30\/choque-entre-dos-motocicletas-seria-consecuencia-de-una-falla-en-los-frenos\/","title":{"rendered":"CHOQUE ENTRE DOS MOTOCICLETAS SER\u00cdA CONSECUENCIA DE UNA FALLA EN LOS FRENOS"},"content":{"rendered":"\n<p class=\"has-text-align-left wp-block-paragraph\">En horas de la tarde de este martes, un nuevo accidente de tr\u00e1nsito se registr\u00f3 en plena zona urbana del municipio. El hecho ocurri\u00f3 exactamente a las 4:41 p. m., en la intersecci\u00f3n de la calle 6 con carrera 14, donde dos motocicletas colisionaron, generando alarma entre los transe\u00fantes y conductores que se encontraban en el sector.<\/p>\n\n\n\n<p class=\"has-text-align-left wp-block-paragraph\">De acuerdo con versiones preliminares, uno de los motociclistas perdi\u00f3 el control de su veh\u00edculo cuando los frenos se deslizaron al intentar detenerse en la se\u00f1al de pare. La maniobra no alcanz\u00f3 a completarse y termin\u00f3 chocando con otra moto que transitaba por la v\u00eda contraria.<\/p>\n\n\n\n<p class=\"has-text-align-left wp-block-paragraph\">Como resultado del impacto, una mujer result\u00f3 con lesiones leves. La v\u00edctima fue auxiliada r\u00e1pidamente por ciudadanos que presenciaron el accidente, mientras llegaban las ambulancias y los organismos de socorro para brindarle atenci\u00f3n m\u00e9dica.<\/p>\n\n\n\n<p class=\"has-text-align-left wp-block-paragraph\">El conductor se\u00f1alado como responsable manifest\u00f3 su disposici\u00f3n para responder por los da\u00f1os ocasionados. Las autoridades de tr\u00e1nsito adelantan el informe respectivo para esclarecer las causas exactas del siniestro y reiteraron el llamado a los motociclistas a realizar mantenimiento preventivo a sus veh\u00edculos y respetar las normas viales.<\/p>\n","protected":false},"excerpt":{"rendered":"<p>En horas de la tarde de este martes, un nuevo accidente de tr\u00e1nsito se registr\u00f3 en plena zona urbana del municipio. El hecho ocurri\u00f3 exactamente a las 4:41 p. m., en la intersecci\u00f3n de la calle 6 con carrera 14, donde dos motocicletas colisionaron, generando alarma entre los transe\u00fantes y conductores que se encontraban en [&hellip;]<\/p>\n","protected":false},"author":2,"featured_media":8861,"comment_status":"open","ping_status":"open","sticky":false,"template":"","format":"standard","meta":{"footnotes":""},"categories":[10,11,13],"tags":[],"class_list":["post-8860","post","type-post","status-publish","format-standard","has-post-thumbnail","hentry","category-general","category-local","category-news"],"_links":{"self":[{"href":"https:\/\/camposerranoradio.com\/home\/wp-json\/wp\/v2\/posts\/8860","targetHints":{"allow":["GET"]}}],"collection":[{"href":"https:\/\/camposerranoradio.com\/home\/wp-json\/wp\/v2\/posts"}],"about":[{"href":"https:\/\/camposerranoradio.com\/home\/wp-json\/wp\/v2\/types\/post"}],"author":[{"embeddable":true,"href":"https:\/\/camposerranoradio.com\/home\/wp-json\/wp\/v2\/users\/2"}],"replies":[{"embeddable":true,"href":"https:\/\/camposerranoradio.com\/home\/wp-json\/wp\/v2\/comments?post=8860"}],"version-history":[{"count":1,"href":"https:\/\/camposerranoradio.com\/home\/wp-json\/wp\/v2\/posts\/8860\/revisions"}],"predecessor-version":[{"id":8862,"href":"https:\/\/camposerranoradio.com\/home\/wp-json\/wp\/v2\/posts\/8860\/revisions\/8862"}],"wp:featuredmedia":[{"embeddable":true,"href":"https:\/\/camposerranoradio.com\/home\/wp-json\/wp\/v2\/media\/8861"}],"wp:attachment":[{"href":"https:\/\/camposerranoradio.com\/home\/wp-json\/wp\/v2\/media?parent=8860"}],"wp:term":[{"taxonomy":"category","embeddable":true,"href":"https:\/\/camposerranoradio.com\/home\/wp-json\/wp\/v2\/categories?post=8860"},{"taxonomy":"post_tag","embeddable":true,"href":"https:\/\/camposerranoradio.com\/home\/wp-json\/wp\/v2\/tags?post=8860"}],"curies":[{"name":"wp","href":"https:\/\/api.w.org\/{rel}","templated":true}]}}