{"id":8866,"date":"2025-10-30T12:52:38","date_gmt":"2025-10-30T12:52:38","guid":{"rendered":"https:\/\/camposerranoradio.com\/home\/?p=8866"},"modified":"2025-10-30T12:52:38","modified_gmt":"2025-10-30T12:52:38","slug":"nos-sentimos-olvidadas-familias-desalojadas-siguen-sin-respuesta-de-la-administracion","status":"publish","type":"post","link":"https:\/\/camposerranoradio.com\/home\/2025\/10\/30\/nos-sentimos-olvidadas-familias-desalojadas-siguen-sin-respuesta-de-la-administracion\/","title":{"rendered":"\u201cNOS SENTIMOS OLVIDADAS\u201d: FAMILIAS DESALOJADAS SIGUEN SIN RESPUESTA DE LA ADMINISTRACI\u00d3N"},"content":{"rendered":"\n<p class=\"has-text-align-left wp-block-paragraph\">La situaci\u00f3n de las familias desalojadas en el sector Montelago sigue generando preocupaci\u00f3n en el municipio. A tres d\u00edas de haber sido retiradas del terreno donde resid\u00edan, varias madres cabeza de hogar aseguran sentirse abandonadas por las autoridades y sin respuestas frente a su dif\u00edcil realidad.<\/p>\n\n\n\n<p class=\"has-text-align-left wp-block-paragraph\">Danitza Rodr\u00edguez, una de las afectadas y madre de seis ni\u00f1os, expres\u00f3 el sentimiento compartido por muchas familias: la falta de acompa\u00f1amiento institucional y el dolor de ver a sus hijos dormir a la intemperie. Desde el desalojo, permanecen en una cancha sin poder levantar refugios improvisados ni contar con un lugar seguro donde resguardarse. La comunidad denuncia que se les impide incluso cubrirse con pl\u00e1sticos y que, pese a sus insistentes llamados, la administraci\u00f3n no ha atendido su solicitud de di\u00e1logo.<\/p>\n\n\n\n<p class=\"wp-block-paragraph\">Las familias afectadas aseguran que no buscan conflicto, sino una oportunidad para ser escuchadas y recibir una alternativa de vivienda digna. Reiteran que tambi\u00e9n son parte de la comunidad, que han vivido durante a\u00f1os en el municipio y que hoy solo piden empat\u00eda, apoyo y soluciones reales para sus hijos.<\/p>\n\n\n\n<p class=\"wp-block-paragraph\">El llamado principal se dirige a la alcaldesa, a quien piden que los escuche y se acerque como autoridad y como madre. Entre la angustia y la esperanza, estas mujeres piden que se les reconozca su derecho a un techo, a la seguridad y, sobre todo, a ser tratadas con humanidad mientras enfrentan una situaci\u00f3n que describen como un verdadero drama social.<\/p>\n","protected":false},"excerpt":{"rendered":"<p>La situaci\u00f3n de las familias desalojadas en el sector Montelago sigue generando preocupaci\u00f3n en el municipio. A tres d\u00edas de haber sido retiradas del terreno donde resid\u00edan, varias madres cabeza de hogar aseguran sentirse abandonadas por las autoridades y sin respuestas frente a su dif\u00edcil realidad. Danitza Rodr\u00edguez, una de las afectadas y madre de [&hellip;]<\/p>\n","protected":false},"author":2,"featured_media":8867,"comment_status":"open","ping_status":"open","sticky":false,"template":"","format":"standard","meta":{"footnotes":""},"categories":[10,11,13],"tags":[],"class_list":["post-8866","post","type-post","status-publish","format-standard","has-post-thumbnail","hentry","category-general","category-local","category-news"],"_links":{"self":[{"href":"https:\/\/camposerranoradio.com\/home\/wp-json\/wp\/v2\/posts\/8866","targetHints":{"allow":["GET"]}}],"collection":[{"href":"https:\/\/camposerranoradio.com\/home\/wp-json\/wp\/v2\/posts"}],"about":[{"href":"https:\/\/camposerranoradio.com\/home\/wp-json\/wp\/v2\/types\/post"}],"author":[{"embeddable":true,"href":"https:\/\/camposerranoradio.com\/home\/wp-json\/wp\/v2\/users\/2"}],"replies":[{"embeddable":true,"href":"https:\/\/camposerranoradio.com\/home\/wp-json\/wp\/v2\/comments?post=8866"}],"version-history":[{"count":1,"href":"https:\/\/camposerranoradio.com\/home\/wp-json\/wp\/v2\/posts\/8866\/revisions"}],"predecessor-version":[{"id":8868,"href":"https:\/\/camposerranoradio.com\/home\/wp-json\/wp\/v2\/posts\/8866\/revisions\/8868"}],"wp:featuredmedia":[{"embeddable":true,"href":"https:\/\/camposerranoradio.com\/home\/wp-json\/wp\/v2\/media\/8867"}],"wp:attachment":[{"href":"https:\/\/camposerranoradio.com\/home\/wp-json\/wp\/v2\/media?parent=8866"}],"wp:term":[{"taxonomy":"category","embeddable":true,"href":"https:\/\/camposerranoradio.com\/home\/wp-json\/wp\/v2\/categories?post=8866"},{"taxonomy":"post_tag","embeddable":true,"href":"https:\/\/camposerranoradio.com\/home\/wp-json\/wp\/v2\/tags?post=8866"}],"curies":[{"name":"wp","href":"https:\/\/api.w.org\/{rel}","templated":true}]}}