{"id":8869,"date":"2025-10-31T12:48:30","date_gmt":"2025-10-31T12:48:30","guid":{"rendered":"https:\/\/camposerranoradio.com\/home\/?p=8869"},"modified":"2025-10-31T12:48:30","modified_gmt":"2025-10-31T12:48:30","slug":"diversion-disfraces-y-dulces-hoy-se-celebra-la-fiesta-de-los-ninos-2025","status":"publish","type":"post","link":"https:\/\/camposerranoradio.com\/home\/2025\/10\/31\/diversion-disfraces-y-dulces-hoy-se-celebra-la-fiesta-de-los-ninos-2025\/","title":{"rendered":"DIVERSI\u00d3N, DISFRACES Y DULCES: HOY SE CELEBRA LA FIESTA DE LOS NI\u00d1OS 2025"},"content":{"rendered":"\n<p class=\"has-text-align-left wp-block-paragraph\">La diversi\u00f3n y la alegr\u00eda se preparan para tomarse el Parque San Roque este viernes 31 de octubre con la tradicional Fiesta de los Ni\u00f1os 2025, organizada por la Alcald\u00eda y liderada por la alcaldesa Greisy Roqueme. Desde las 4:00 de la tarde hasta las 8:00 de la noche, los m\u00e1s peque\u00f1os podr\u00e1n disfrutar de una jornada m\u00e1gica llena de actividades, m\u00fasica y entretenimiento.<\/p>\n\n\n\n<p class=\"has-text-align-left wp-block-paragraph\">Durante la celebraci\u00f3n habr\u00e1 presentaciones especiales con personajes como Paw Patrol, Bluey, Capibara y Shrek, adem\u00e1s del esperado Castillo del Terror, que promete emocionar a ni\u00f1os y adultos por igual. Ser\u00e1 una tarde para compartir en familia y vivir momentos inolvidables en un ambiente lleno de color y fantas\u00eda.<\/p>\n\n\n\n<p class=\"has-text-align-left wp-block-paragraph\">La administraci\u00f3n municipal hace un llamado a los padres y cuidadores para que acompa\u00f1en a sus hijos en todo momento y eviten que se alejen de las zonas se\u00f1alizadas. Recordemos que el mejor regalo para los ni\u00f1os es su seguridad y bienestar, por lo que se recomienda mantenerlos siempre a la vista.<\/p>\n\n\n\n<p class=\"has-text-align-left wp-block-paragraph\">La Fiesta de los Ni\u00f1os llega como un espacio para fortalecer la uni\u00f3n familiar, promover la sana diversi\u00f3n y celebrar la magia de la infancia. Este viernes, el Parque San Roque ser\u00e1 el punto de encuentro para vivir una tarde llena de sonrisas, disfraces y alegr\u00eda.<\/p>\n\n\n\n<p class=\"wp-block-paragraph\"><\/p>\n","protected":false},"excerpt":{"rendered":"<p>La diversi\u00f3n y la alegr\u00eda se preparan para tomarse el Parque San Roque este viernes 31 de octubre con la tradicional Fiesta de los Ni\u00f1os 2025, organizada por la Alcald\u00eda y liderada por la alcaldesa Greisy Roqueme. Desde las 4:00 de la tarde hasta las 8:00 de la noche, los m\u00e1s peque\u00f1os podr\u00e1n disfrutar de [&hellip;]<\/p>\n","protected":false},"author":2,"featured_media":8870,"comment_status":"open","ping_status":"open","sticky":false,"template":"","format":"standard","meta":{"footnotes":""},"categories":[10,11,13],"tags":[],"class_list":["post-8869","post","type-post","status-publish","format-standard","has-post-thumbnail","hentry","category-general","category-local","category-news"],"_links":{"self":[{"href":"https:\/\/camposerranoradio.com\/home\/wp-json\/wp\/v2\/posts\/8869","targetHints":{"allow":["GET"]}}],"collection":[{"href":"https:\/\/camposerranoradio.com\/home\/wp-json\/wp\/v2\/posts"}],"about":[{"href":"https:\/\/camposerranoradio.com\/home\/wp-json\/wp\/v2\/types\/post"}],"author":[{"embeddable":true,"href":"https:\/\/camposerranoradio.com\/home\/wp-json\/wp\/v2\/users\/2"}],"replies":[{"embeddable":true,"href":"https:\/\/camposerranoradio.com\/home\/wp-json\/wp\/v2\/comments?post=8869"}],"version-history":[{"count":1,"href":"https:\/\/camposerranoradio.com\/home\/wp-json\/wp\/v2\/posts\/8869\/revisions"}],"predecessor-version":[{"id":8871,"href":"https:\/\/camposerranoradio.com\/home\/wp-json\/wp\/v2\/posts\/8869\/revisions\/8871"}],"wp:featuredmedia":[{"embeddable":true,"href":"https:\/\/camposerranoradio.com\/home\/wp-json\/wp\/v2\/media\/8870"}],"wp:attachment":[{"href":"https:\/\/camposerranoradio.com\/home\/wp-json\/wp\/v2\/media?parent=8869"}],"wp:term":[{"taxonomy":"category","embeddable":true,"href":"https:\/\/camposerranoradio.com\/home\/wp-json\/wp\/v2\/categories?post=8869"},{"taxonomy":"post_tag","embeddable":true,"href":"https:\/\/camposerranoradio.com\/home\/wp-json\/wp\/v2\/tags?post=8869"}],"curies":[{"name":"wp","href":"https:\/\/api.w.org\/{rel}","templated":true}]}}