{"id":8872,"date":"2025-10-31T12:53:07","date_gmt":"2025-10-31T12:53:07","guid":{"rendered":"https:\/\/camposerranoradio.com\/home\/?p=8872"},"modified":"2025-10-31T12:53:07","modified_gmt":"2025-10-31T12:53:07","slug":"universidad-popular-del-cesar-abre-inscripciones-para-el-curso-de-competencias-genericas","status":"publish","type":"post","link":"https:\/\/camposerranoradio.com\/home\/2025\/10\/31\/universidad-popular-del-cesar-abre-inscripciones-para-el-curso-de-competencias-genericas\/","title":{"rendered":"UNIVERSIDAD POPULAR DEL CESAR ABRE INSCRIPCIONES PARA EL CURSO DE COMPETENCIAS GEN\u00c9RICAS"},"content":{"rendered":"\n<p class=\"has-text-align-left wp-block-paragraph\">La Universidad Popular del Cesar, Seccional Aguachica, anunci\u00f3 la apertura de inscripciones para el Curso Virtual de Competencias Gen\u00e9ricas, una formaci\u00f3n clave dirigida a los estudiantes desde cuarto semestre en adelante que buscan cumplir con los requisitos acad\u00e9micos para presentar el examen Saber Pro.<\/p>\n\n\n\n<p class=\"has-text-align-left wp-block-paragraph\">Este espacio de capacitaci\u00f3n, ofrecido por la Direcci\u00f3n Acad\u00e9mica, permite a los estudiantes matricularse en cinco cursos de competencias gen\u00e9ricas de su elecci\u00f3n, todo a trav\u00e9s de la plataforma virtual institucional. El proceso de inscripci\u00f3n inici\u00f3 el 20 de octubre de 2025 y se extender\u00e1 hasta el 28 de noviembre del mismo a\u00f1o.<\/p>\n\n\n\n<p class=\"wp-block-paragraph\">De acuerdo con lo establecido en el Acuerdo 008 de 2024, es obligatorio haber completado los cinco cursos de competencias gen\u00e9ricas para poder inscribirse en la plataforma del ICFES. Los certificados de aprobaci\u00f3n ser\u00e1n entregados al l\u00edder Saber Pro de cada programa acad\u00e9mico, requisito indispensable para presentar la prueba.<\/p>\n\n\n\n<p class=\"wp-block-paragraph\">El inicio de los cursos est\u00e1 programado para febrero de 2026, y la instituci\u00f3n invita a todos los estudiantes interesados en graduarse a aprovechar esta oportunidad de formaci\u00f3n que fortalecer\u00e1 sus habilidades y conocimientos transversales. Las inscripciones pueden realizarse escaneando el c\u00f3digo QR disponible en la publicaci\u00f3n oficial o a trav\u00e9s del aula web de la universidad.<\/p>\n","protected":false},"excerpt":{"rendered":"<p>La Universidad Popular del Cesar, Seccional Aguachica, anunci\u00f3 la apertura de inscripciones para el Curso Virtual de Competencias Gen\u00e9ricas, una formaci\u00f3n clave dirigida a los estudiantes desde cuarto semestre en adelante que buscan cumplir con los requisitos acad\u00e9micos para presentar el examen Saber Pro. Este espacio de capacitaci\u00f3n, ofrecido por la Direcci\u00f3n Acad\u00e9mica, permite a [&hellip;]<\/p>\n","protected":false},"author":2,"featured_media":8873,"comment_status":"open","ping_status":"open","sticky":false,"template":"","format":"standard","meta":{"footnotes":""},"categories":[10,11,13,5],"tags":[],"class_list":["post-8872","post","type-post","status-publish","format-standard","has-post-thumbnail","hentry","category-general","category-local","category-news","category-regional"],"_links":{"self":[{"href":"https:\/\/camposerranoradio.com\/home\/wp-json\/wp\/v2\/posts\/8872","targetHints":{"allow":["GET"]}}],"collection":[{"href":"https:\/\/camposerranoradio.com\/home\/wp-json\/wp\/v2\/posts"}],"about":[{"href":"https:\/\/camposerranoradio.com\/home\/wp-json\/wp\/v2\/types\/post"}],"author":[{"embeddable":true,"href":"https:\/\/camposerranoradio.com\/home\/wp-json\/wp\/v2\/users\/2"}],"replies":[{"embeddable":true,"href":"https:\/\/camposerranoradio.com\/home\/wp-json\/wp\/v2\/comments?post=8872"}],"version-history":[{"count":1,"href":"https:\/\/camposerranoradio.com\/home\/wp-json\/wp\/v2\/posts\/8872\/revisions"}],"predecessor-version":[{"id":8874,"href":"https:\/\/camposerranoradio.com\/home\/wp-json\/wp\/v2\/posts\/8872\/revisions\/8874"}],"wp:featuredmedia":[{"embeddable":true,"href":"https:\/\/camposerranoradio.com\/home\/wp-json\/wp\/v2\/media\/8873"}],"wp:attachment":[{"href":"https:\/\/camposerranoradio.com\/home\/wp-json\/wp\/v2\/media?parent=8872"}],"wp:term":[{"taxonomy":"category","embeddable":true,"href":"https:\/\/camposerranoradio.com\/home\/wp-json\/wp\/v2\/categories?post=8872"},{"taxonomy":"post_tag","embeddable":true,"href":"https:\/\/camposerranoradio.com\/home\/wp-json\/wp\/v2\/tags?post=8872"}],"curies":[{"name":"wp","href":"https:\/\/api.w.org\/{rel}","templated":true}]}}