{"id":8875,"date":"2025-10-31T12:57:14","date_gmt":"2025-10-31T12:57:14","guid":{"rendered":"https:\/\/camposerranoradio.com\/home\/?p=8875"},"modified":"2025-10-31T12:57:14","modified_gmt":"2025-10-31T12:57:14","slug":"vehiculo-termino-volcado-en-la-salida-del-municipio-y-genero-congestion-vial","status":"publish","type":"post","link":"https:\/\/camposerranoradio.com\/home\/2025\/10\/31\/vehiculo-termino-volcado-en-la-salida-del-municipio-y-genero-congestion-vial\/","title":{"rendered":"VEH\u00cdCULO TERMIN\u00d3 VOLCADO EN LA SALIDA DEL MUNICIPIO Y GENER\u00d3 CONGESTI\u00d3N VIAL"},"content":{"rendered":"\n<p class=\"has-text-align-left wp-block-paragraph\">Un aparatoso accidente de tr\u00e1nsito se registr\u00f3 en la ma\u00f1ana del jueves 30 de octubre en la v\u00eda que conduce del municipio hacia el corregimiento de Aguasclara. A la altura de la quebrada Buturama, una furgoneta de placas NUY 765 perdi\u00f3 el control y termin\u00f3 volcada a un costado de la carretera, lo que ocasion\u00f3 demoras en el paso vehicular.<\/p>\n\n\n\n<p class=\"has-text-align-left wp-block-paragraph\">De acuerdo con los reportes iniciales, el conductor habr\u00eda perdido el control del automotor al tomar una curva, provocando el volcamiento. En el veh\u00edculo se desplazaban dos personas que sufrieron lesiones leves y fueron atendidas por los organismos de socorro que r\u00e1pidamente llegaron al sitio del siniestro.<\/p>\n\n\n\n<p class=\"has-text-align-left wp-block-paragraph\">Durante varias horas, agentes del Cuerpo de Tr\u00e1nsito y Transporte permanecieron en la zona controlando la movilidad y realizando las labores necesarias para retirar el veh\u00edculo afectado. Las autoridades adelantan las investigaciones para determinar las causas exactas del accidente.<\/p>\n\n\n\n<p class=\"has-text-align-left wp-block-paragraph\">Aunque los heridos se recuperan satisfactoriamente, las autoridades reiteraron el llamado a los conductores para extremar precauciones en esta v\u00eda, especialmente en los tramos donde las curvas representan mayor riesgo. El tr\u00e1nsito fue restablecido luego de la atenci\u00f3n de la emergencia.<\/p>\n","protected":false},"excerpt":{"rendered":"<p>Un aparatoso accidente de tr\u00e1nsito se registr\u00f3 en la ma\u00f1ana del jueves 30 de octubre en la v\u00eda que conduce del municipio hacia el corregimiento de Aguasclara. A la altura de la quebrada Buturama, una furgoneta de placas NUY 765 perdi\u00f3 el control y termin\u00f3 volcada a un costado de la carretera, lo que ocasion\u00f3 [&hellip;]<\/p>\n","protected":false},"author":2,"featured_media":8876,"comment_status":"open","ping_status":"open","sticky":false,"template":"","format":"standard","meta":{"footnotes":""},"categories":[10,11,13],"tags":[],"class_list":["post-8875","post","type-post","status-publish","format-standard","has-post-thumbnail","hentry","category-general","category-local","category-news"],"_links":{"self":[{"href":"https:\/\/camposerranoradio.com\/home\/wp-json\/wp\/v2\/posts\/8875","targetHints":{"allow":["GET"]}}],"collection":[{"href":"https:\/\/camposerranoradio.com\/home\/wp-json\/wp\/v2\/posts"}],"about":[{"href":"https:\/\/camposerranoradio.com\/home\/wp-json\/wp\/v2\/types\/post"}],"author":[{"embeddable":true,"href":"https:\/\/camposerranoradio.com\/home\/wp-json\/wp\/v2\/users\/2"}],"replies":[{"embeddable":true,"href":"https:\/\/camposerranoradio.com\/home\/wp-json\/wp\/v2\/comments?post=8875"}],"version-history":[{"count":1,"href":"https:\/\/camposerranoradio.com\/home\/wp-json\/wp\/v2\/posts\/8875\/revisions"}],"predecessor-version":[{"id":8877,"href":"https:\/\/camposerranoradio.com\/home\/wp-json\/wp\/v2\/posts\/8875\/revisions\/8877"}],"wp:featuredmedia":[{"embeddable":true,"href":"https:\/\/camposerranoradio.com\/home\/wp-json\/wp\/v2\/media\/8876"}],"wp:attachment":[{"href":"https:\/\/camposerranoradio.com\/home\/wp-json\/wp\/v2\/media?parent=8875"}],"wp:term":[{"taxonomy":"category","embeddable":true,"href":"https:\/\/camposerranoradio.com\/home\/wp-json\/wp\/v2\/categories?post=8875"},{"taxonomy":"post_tag","embeddable":true,"href":"https:\/\/camposerranoradio.com\/home\/wp-json\/wp\/v2\/tags?post=8875"}],"curies":[{"name":"wp","href":"https:\/\/api.w.org\/{rel}","templated":true}]}}