{"id":8882,"date":"2025-11-04T13:12:48","date_gmt":"2025-11-04T13:12:48","guid":{"rendered":"https:\/\/camposerranoradio.com\/home\/?p=8882"},"modified":"2025-11-04T13:14:59","modified_gmt":"2025-11-04T13:14:59","slug":"aguachica-celebro-con-alegria-el-dia-de-los-ninos","status":"publish","type":"post","link":"https:\/\/camposerranoradio.com\/home\/2025\/11\/04\/aguachica-celebro-con-alegria-el-dia-de-los-ninos\/","title":{"rendered":"AGUACHICA CELEBR\u00d3 CON ALEGR\u00cdA EL D\u00cdA DE LOS NI\u00d1OS."},"content":{"rendered":"\n<p class=\"has-text-align-left wp-block-paragraph\">Con una masiva asistencia de familias, el municipio de <strong>Aguachica<\/strong> celebr\u00f3 el pasado <strong>31 de octubre<\/strong> el<strong>d\u00eda de los ni\u00f1os<\/strong><strong>,<\/strong> en una jornada llena de color, m\u00fasica y diversi\u00f3n que tuvo lugar en el <strong>parque San Roque<\/strong>. El evento fue organizado por la <strong>Alcald\u00eda Municipal<\/strong> y se desarroll\u00f3 en un ambiente de alegr\u00eda, orden y convivencia ciudadana.<\/p>\n\n\n\n<p class=\"has-text-align-left wp-block-paragraph\">Durante la celebraci\u00f3n, los ni\u00f1os y ni\u00f1as disfrutaron de actividades recreativas, concursos y juegos, en una programaci\u00f3n pensada especialmente para ellos. La <strong>fuerza p\u00fablica<\/strong> acompa\u00f1\u00f3 la jornada, garantizando la seguridad y el buen desarrollo del evento, que transcurri\u00f3 sin contratiempos.<\/p>\n\n\n\n<p class=\"has-text-align-left wp-block-paragraph\">La festividad tambi\u00e9n dej\u00f3 un balance positivo en la <strong>econom\u00eda local<\/strong>, evidenciando la participaci\u00f3n activa de <strong>vendedores formales e informales<\/strong> que ofrecieron sus productos en diferentes puntos del parque, contribuyendo a la <strong>reactivaci\u00f3n econ\u00f3mica<\/strong> del municipio.<\/p>\n\n\n\n<p class=\"has-text-align-left wp-block-paragraph\">La comunidad destac\u00f3 la importancia de estos espacios de esparcimiento que fortalecen los lazos sociales y promueven valores de convivencia y alegr\u00eda entre los m\u00e1s peque\u00f1os.<\/p>\n\n\n\n<p class=\"has-text-align-left wp-block-paragraph\"><strong>Escuchemos al secretario de Gobierno, quien destac\u00f3 el \u00e9xito de la jornada y el comportamiento ejemplar de la ciudadan\u00eda:<\/strong><\/p>\n\n\n\n<iframe src=\"https:\/\/www.facebook.com\/plugins\/video.php?height=469&#038;href=https%3A%2F%2Fwww.facebook.com%2Freel%2F1491397795445658%2F&#038;show_text=false&#038;width=560&#038;t=0\" width=\"560\" height=\"469\" style=\"border:none;overflow:hidden\" scrolling=\"no\" frameborder=\"0\" allowfullscreen=\"true\" allow=\"autoplay; clipboard-write; encrypted-media; picture-in-picture; web-share\" allowFullScreen=\"true\"><\/iframe>\n","protected":false},"excerpt":{"rendered":"<p>Con una masiva asistencia de familias, el municipio de Aguachica celebr\u00f3 el pasado 31 de octubre eld\u00eda de los ni\u00f1os, en una jornada llena de color, m\u00fasica y diversi\u00f3n que tuvo lugar en el parque San Roque. El evento fue organizado por la Alcald\u00eda Municipal y se desarroll\u00f3 en un ambiente de alegr\u00eda, orden y [&hellip;]<\/p>\n","protected":false},"author":2,"featured_media":8883,"comment_status":"open","ping_status":"open","sticky":false,"template":"","format":"standard","meta":{"footnotes":""},"categories":[10,11,13],"tags":[],"class_list":["post-8882","post","type-post","status-publish","format-standard","has-post-thumbnail","hentry","category-general","category-local","category-news"],"_links":{"self":[{"href":"https:\/\/camposerranoradio.com\/home\/wp-json\/wp\/v2\/posts\/8882","targetHints":{"allow":["GET"]}}],"collection":[{"href":"https:\/\/camposerranoradio.com\/home\/wp-json\/wp\/v2\/posts"}],"about":[{"href":"https:\/\/camposerranoradio.com\/home\/wp-json\/wp\/v2\/types\/post"}],"author":[{"embeddable":true,"href":"https:\/\/camposerranoradio.com\/home\/wp-json\/wp\/v2\/users\/2"}],"replies":[{"embeddable":true,"href":"https:\/\/camposerranoradio.com\/home\/wp-json\/wp\/v2\/comments?post=8882"}],"version-history":[{"count":3,"href":"https:\/\/camposerranoradio.com\/home\/wp-json\/wp\/v2\/posts\/8882\/revisions"}],"predecessor-version":[{"id":8886,"href":"https:\/\/camposerranoradio.com\/home\/wp-json\/wp\/v2\/posts\/8882\/revisions\/8886"}],"wp:featuredmedia":[{"embeddable":true,"href":"https:\/\/camposerranoradio.com\/home\/wp-json\/wp\/v2\/media\/8883"}],"wp:attachment":[{"href":"https:\/\/camposerranoradio.com\/home\/wp-json\/wp\/v2\/media?parent=8882"}],"wp:term":[{"taxonomy":"category","embeddable":true,"href":"https:\/\/camposerranoradio.com\/home\/wp-json\/wp\/v2\/categories?post=8882"},{"taxonomy":"post_tag","embeddable":true,"href":"https:\/\/camposerranoradio.com\/home\/wp-json\/wp\/v2\/tags?post=8882"}],"curies":[{"name":"wp","href":"https:\/\/api.w.org\/{rel}","templated":true}]}}